{"id":303,"date":"2021-03-12T13:33:03","date_gmt":"2021-03-12T12:33:03","guid":{"rendered":"http:\/\/pzsmig.pl\/?p=303"},"modified":"2021-03-23T18:52:06","modified_gmt":"2021-03-23T17:52:06","slug":"30-lecie-strazy-miejskiej-uroczystosci-w-lyskach","status":"publish","type":"post","link":"https:\/\/pzsmig.pl\/index.php\/2021\/03\/12\/30-lecie-strazy-miejskiej-uroczystosci-w-lyskach\/","title":{"rendered":"30-lecie Stra\u017cy Miejskiej. Uroczysto\u015bci w Lyskach"},"content":{"rendered":"<p>W tym roku obchodzimy 30-lecie powstania stra\u017cy gminnych i stra\u017cy miejskich (w zwi\u0105zku z 30-leciem uchwalenia ustawy o samorz\u0105dzie terytorialnym). Z tej okazji w gminie Lyski odby\u0142y si\u0119 uroczysto\u015bci zorganizowane przez Og\u00f3lnopolski Zwi\u0105zek Stra\u017cy Gminnych i Miejskich, w kt\u00f3rych wzi\u0119\u0142y udzia\u0142 Stra\u017c Gminna w Lyskach, Stra\u017c Miejska z Rydu\u0142t\u00f3w, nasza formacja, czyli Stra\u017c Miejska w Radlinie oraz samorz\u0105dowcy z naszego regionu.<!--more--><\/p>\n<p>Podczas uroczysto\u015bci wr\u0119czono medale zas\u0142ugi dla samorz\u0105dowc\u00f3w oraz stra\u017cnik\u00f3w miejskich z naszego regionu.\u00a0 Spo\u015br\u00f3d samorz\u0105dowc\u00f3w medalem z\u0142otym wyr\u00f3\u017cniono m.in. Burmistrz Radlina\u00a0<strong>Barbar\u0119 Magier\u0119<\/strong>\u00a0oraz Zast\u0119pc\u0119 Burmistrza\u00a0<strong>Zbigniewa Podle\u015bnego<\/strong>.<\/p>\n<p>W\u015br\u00f3d wyr\u00f3\u017cnionych stra\u017cnik\u00f3w nie zabrak\u0142o przedstawicieli radli\u0144skiej stra\u017cy.<br \/>\nI tak\u00a0<strong>Andrzej Por\u0119bski<\/strong>, komendant Stra\u017cy Miejskiej w Radlinie, otrzyma\u0142 z\u0142oty medal,. Medalem srebrnym odznaczeni zostali nast\u0119puj\u0105cy stra\u017cnicy z naszego miasta:<\/p>\n<ul>\n<li><strong>Edyta K\u0119dzierawska<\/strong><\/li>\n<li><strong>Grzegorz K\u0142opocki<\/strong><\/li>\n<li><strong>Mieczys\u0142aw Machnik<\/strong><\/li>\n<li><strong>Klaudiusz Szweda<\/strong><\/li>\n<\/ul>\n<p>&nbsp;<\/p>\n","protected":false},"excerpt":{"rendered":"<p>W tym roku obchodzimy 30-lecie powstania stra\u017cy gminnych i stra\u017cy miejskich (w zwi\u0105zku z 30-leciem uchwalenia ustawy o samorz\u0105dzie terytorialnym).&hellip;<\/p>\n","protected":false},"author":1,"featured_media":306,"comment_status":"closed","ping_status":"closed","sticky":false,"template":"","format":"standard","meta":{"footnotes":""},"categories":[2],"tags":[37,38,50,49],"class_list":["post-303","post","type-post","status-publish","format-standard","has-post-thumbnail","hentry","category-aktualnosci","tag-straz-miejska","tag-straznicy-miejscy","tag-swieto","tag-xxx-lecie"],"_links":{"self":[{"href":"https:\/\/pzsmig.pl\/index.php\/wp-json\/wp\/v2\/posts\/303","targetHints":{"allow":["GET"]}}],"collection":[{"href":"https:\/\/pzsmig.pl\/index.php\/wp-json\/wp\/v2\/posts"}],"about":[{"href":"https:\/\/pzsmig.pl\/index.php\/wp-json\/wp\/v2\/types\/post"}],"author":[{"embeddable":true,"href":"https:\/\/pzsmig.pl\/index.php\/wp-json\/wp\/v2\/users\/1"}],"replies":[{"embeddable":true,"href":"https:\/\/pzsmig.pl\/index.php\/wp-json\/wp\/v2\/comments?post=303"}],"version-history":[{"count":1,"href":"https:\/\/pzsmig.pl\/index.php\/wp-json\/wp\/v2\/posts\/303\/revisions"}],"predecessor-version":[{"id":305,"href":"https:\/\/pzsmig.pl\/index.php\/wp-json\/wp\/v2\/posts\/303\/revisions\/305"}],"wp:featuredmedia":[{"embeddable":true,"href":"https:\/\/pzsmig.pl\/index.php\/wp-json\/wp\/v2\/media\/306"}],"wp:attachment":[{"href":"https:\/\/pzsmig.pl\/index.php\/wp-json\/wp\/v2\/media?parent=303"}],"wp:term":[{"taxonomy":"category","embeddable":true,"href":"https:\/\/pzsmig.pl\/index.php\/wp-json\/wp\/v2\/categories?post=303"},{"taxonomy":"post_tag","embeddable":true,"href":"https:\/\/pzsmig.pl\/index.php\/wp-json\/wp\/v2\/tags?post=303"}],"curies":[{"name":"wp","href":"https:\/\/api.w.org\/{rel}","templated":true}]}}