{"id":387,"date":"2021-04-26T17:32:33","date_gmt":"2021-04-26T15:32:33","guid":{"rendered":"https:\/\/pzsmig.pl\/?p=387"},"modified":"2021-04-26T19:21:05","modified_gmt":"2021-04-26T17:21:05","slug":"hejt-czesc-2-czyli-hejt-nasz-powszechny","status":"publish","type":"post","link":"https:\/\/pzsmig.pl\/index.php\/2021\/04\/26\/hejt-czesc-2-czyli-hejt-nasz-powszechny\/","title":{"rendered":"Hejt, cz\u0119\u015b\u0107 2 czyli hejt nasz powszechny"},"content":{"rendered":"<p><span style=\"text-decoration: underline;\">Przedstawiony poni\u017cej tekst stanowi opini\u0119 jednego z cz\u0142onk\u00f3w Polskiego Zwi\u0105zku Stra\u017cy Miejskich i Gminnych.<\/span><\/p>\n<p class=\"western\" align=\"justify\">Pora na kolejne przyk\u0142ady dzia\u0142ania <span style=\"text-decoration: underline;\">hejtu naszego powszedniego<\/span>. Gliwicka Stra\u017c Miejska podobnie jak wiele innych jednostek w Polsce, obchodzi w tym roku 30 lecie istnienia. Tu i tam pojawiaj\u0105 si\u0119 materia\u0142y prasowe, sondy i r\u00f3\u017cnego rodzaju medialne zabawy.<\/p>\n<p class=\"western\" align=\"justify\">Skutkiem s\u0105 komentarze. Nie ma sensu przytacza tych obra\u017aliwych, bo to zrobi\u0142em ju\u017c poprzednio. Dzi\u015b pora na tzw. my\u015bli po\u017cyczone (delikatnie rzecz ujmuj\u0105c).<\/p>\n<p class=\"western\" align=\"justify\">Pan X napisa\u0142:<\/p>\n<p align=\"justify\"><img fetchpriority=\"high\" decoding=\"async\" class=\" wp-image-385 aligncenter\" src=\"http:\/\/pzsmig.pl\/wp-content\/uploads\/2021\/04\/inspiracja_formula-300x74.jpg\" alt=\"\" width=\"470\" height=\"116\" srcset=\"https:\/\/pzsmig.pl\/wp-content\/uploads\/2021\/04\/inspiracja_formula-300x74.jpg 300w, https:\/\/pzsmig.pl\/wp-content\/uploads\/2021\/04\/inspiracja_formula.jpg 503w\" sizes=\"(max-width: 470px) 100vw, 470px\" \/><\/p>\n<p class=\"western\" align=\"justify\">Komentarz sprawia wra\u017cenie niekompletnego i cokolwiek niegramatycznego, ale \u2026 jest co\u015b znacznie wa\u017cniejszego. Pan X nie jest jego autorem, to niemal pe\u0142ny cytat z uzasadnienia do projektu ustawy o likwidacji stra\u017cy miejskich, bodaj z 2018 r. autorstwa Kukiz\u201915. <span style=\"color: #ff0000;\">\u201eNiewie\u017c\u0105cy\u201d<\/span> mog\u0105 zajrze\u0107 <span style=\"color: #0000ff;\"><u><a href=\"https:\/\/wspolnota.org.pl\/news\/likwidacja-strazy-miejskiej\">tu<\/a><\/u><\/span>, bez trudu znajd\u0105 \u017cr\u00f3d\u0142a powy\u017cszego komentarza.<\/p>\n<p class=\"western\" align=\"justify\">Zauwa\u017cyli\u015bcie gdzie\u015b powszechnie u\u017cywane oznaczenie cytatu? Nie? Ja te\u017c nie zauwa\u017cy\u0142em, zatem pan X cokolwiek nieuczciwie (bo bez podania \u017ar\u00f3d\u0142a) po\u017cyczy\u0142 sobie cudz\u0105 my\u015bl.<\/p>\n<p class=\"western\" align=\"justify\">Czy wiemy jaka formu\u0142a istnienia Stra\u017cy Miejskiej si\u0119 wyczerpa\u0142a? Na przeci\u0105gu 30 lat istnienia by\u0142o ich co najmniej kilka. Ka\u017cda z nich by\u0142a zast\u0119powana przez kolejn\u0105. Kwesti\u0119 tzw. gn\u0119bienia, je\u017celi to b\u0119dzie mo\u017cliwe pozwol\u0119 sobie poruszy\u0107 w odr\u0119bnym tek\u015bcie.<\/p>\n<p class=\"western\" align=\"justify\">Dlaczego o tym pisz\u0119? Tu dzia\u0142a prosty mechanizm. Postaw tez\u0119, kt\u00f3ra jest chwytliwa, tak chwytliwa, \u017ce nikt nie b\u0119dzie zastanawia\u0142 si\u0119 nad jej uzasadnieniem i tym czy jest m\u0105dre czy g\u0142upie. Cos zawsze si\u0119 \u201eprzyklei\u201d szczeg\u00f3lnie je\u017celi pozwolisz sobie na wystarczaj\u0105c\u0105 liczb\u0119 powt\u00f3rze\u0144. Pan X, nie wiem czy w spos\u00f3b intuicyjny czy wyuczony zna ten mechanizm i stosuje go bez umiaru, komentuj\u0105c w ten sam spos\u00f3b ka\u017cda informacj\u0119 o stra\u017cy miejskiej.<\/p>\n<p class=\"western\" align=\"justify\">To taki drobny przejaw dzia\u0142ania hejtera, kt\u00f3ry niewiele ma do powiedzenia, ale musi zaistnie\u0107, wi\u0119c istnieje cudzym kosztem.<\/p>\n<p class=\"western\" align=\"justify\"><u><b>Przyk\u0142ad drugi jest podobny<\/b><\/u><\/p>\n<p class=\"western\" align=\"justify\">Pani Y nie lubi stra\u017cy miejskich i chce da\u0107 wyraz temu, \u017ce nie lubi, pisze wi\u0119c:<\/p>\n<p align=\"justify\"><img decoding=\"async\" class=\" wp-image-386 aligncenter\" src=\"http:\/\/pzsmig.pl\/wp-content\/uploads\/2021\/04\/inspiracja_kompetencje-300x62.jpg\" alt=\"\" width=\"474\" height=\"98\" srcset=\"https:\/\/pzsmig.pl\/wp-content\/uploads\/2021\/04\/inspiracja_kompetencje-300x62.jpg 300w, https:\/\/pzsmig.pl\/wp-content\/uploads\/2021\/04\/inspiracja_kompetencje.jpg 501w\" sizes=\"(max-width: 474px) 100vw, 474px\" \/><\/p>\n<p class=\"western\" align=\"justify\">Pomijam alternatywn\u0105 ortografi\u0119. Ciekawsze sk\u0105d Pani Y czerpie wiedz\u0119 na temat dzia\u0142ania stra\u017cy miejskich. Nie przyjad\u0105 bo nie maj\u0105 kompetencji?<\/p>\n<p class=\"western\" align=\"justify\">Nie b\u0119d\u0119 wnika\u0142, czy pani Y chodzi o kompetencje mi\u0119kkie czy twarde, czy mo\u017ce jedno i drugie, a\u00a0mo\u017ce pani Y nie wie, \u017ce s\u0105 mi\u0119kkie i twarde kompetencje. Zosta\u0144my przy w\u0105skim rozumieniu s\u0142owa kompetencje. Z pewno\u015bci\u0105 chodzi\u0142o o \u201ezakres uprawnie\u0144 stra\u017cy b\u0105d\u017a stra\u017cnika do zajmowania si\u0119 okre\u015blonymi sprawami i podejmowania dotycz\u0105cych ich decyzji\u201d.<\/p>\n<p class=\"western\" align=\"justify\">Co zawiera komentarz pani Y? Nic! Bezpodstawna teza, nie poparta jakimikolwiek dowodami. Pani Y si\u0119 wydaje, wi\u0119c musi zabra\u0107 g\u0142os. Gdyby przeczyta\u0142a przyzwoicie napisany tekst na temat uprawnie\u0144 stra\u017cy i gdyby go zrozumia\u0142a, nie chcia\u0142a by zawstydza\u0107 samej sobie. Ale, posiadanie komputera z\u00a0dost\u0119pem do sieci i konta na popularnym portalu social media, zobowi\u0105zuje. No w\u0142a\u015bnie, do czego zobowi\u0105zuje?<\/p>\n<p class=\"western\" align=\"justify\"><u><b>Jak sobie z tym radzi\u0107?<\/b><\/u><\/p>\n<p class=\"western\" align=\"justify\">Po pierwsze, nie komentowa\u0107, nie wchodzi\u0107 w \u017c\u0105dn\u0105 bezpo\u015bredni\u0105 interakcj\u0119 z panem X i Pani\u0105 Y oraz im podobnymi (bez wzgl\u0119du na to jak bardzo mamy ochot\u0119) B\u0119dzie natarczywy, ale pr\u0119dzej czy p\u00f3\u017aniej znudzi si\u0119 i przestanie stosowa\u0107 formu\u0142\u0119 Ctrl+c i Ctrl+v.<\/p>\n<p class=\"western\" align=\"justify\">O drugie \u2013 robi\u0107 swoje. Czyli na dost\u0119pnych kana\u0142ach komunikacji, \u201ezalewa\u0107\u201d \u015bwiat zewn\u0119trzny informacjami na temat dzia\u0142ania waszej firmy. Ie ma informacji nieciekawych, s\u0105 by\u0107 mo\u017ce stracone okazje, ale to temat na zupe\u0142nie inn\u0105 opini\u0119.<\/p>\n<p class=\"western\" align=\"justify\">Nie chc\u0105 puszcza\u0107 dalej tych informacji? \u017be niby dlatego, \u017ce to informacje stra\u017cy? Nic bardziej b\u0142\u0119dnego. Je\u017celi kto\u015b b\u0119dzie zainteresowany, mog\u0119 ten temat rozwin\u0105\u0107.<\/p>\n<p align=\"justify\">Piotr Ichniowski<\/p>\n<p align=\"justify\">\n","protected":false},"excerpt":{"rendered":"<p>Przedstawiony poni\u017cej tekst stanowi opini\u0119 jednego z cz\u0142onk\u00f3w Polskiego Zwi\u0105zku Stra\u017cy Miejskich i Gminnych. Pora na kolejne przyk\u0142ady dzia\u0142ania hejtu&hellip;<\/p>\n","protected":false},"author":2,"featured_media":154,"comment_status":"closed","ping_status":"closed","sticky":false,"template":"","format":"standard","meta":{"footnotes":""},"categories":[2],"tags":[59,60,61,37,38],"class_list":["post-387","post","type-post","status-publish","format-standard","has-post-thumbnail","hentry","category-aktualnosci","tag-duma","tag-honor","tag-opinia","tag-straz-miejska","tag-straznicy-miejscy"],"_links":{"self":[{"href":"https:\/\/pzsmig.pl\/index.php\/wp-json\/wp\/v2\/posts\/387","targetHints":{"allow":["GET"]}}],"collection":[{"href":"https:\/\/pzsmig.pl\/index.php\/wp-json\/wp\/v2\/posts"}],"about":[{"href":"https:\/\/pzsmig.pl\/index.php\/wp-json\/wp\/v2\/types\/post"}],"author":[{"embeddable":true,"href":"https:\/\/pzsmig.pl\/index.php\/wp-json\/wp\/v2\/users\/2"}],"replies":[{"embeddable":true,"href":"https:\/\/pzsmig.pl\/index.php\/wp-json\/wp\/v2\/comments?post=387"}],"version-history":[{"count":4,"href":"https:\/\/pzsmig.pl\/index.php\/wp-json\/wp\/v2\/posts\/387\/revisions"}],"predecessor-version":[{"id":391,"href":"https:\/\/pzsmig.pl\/index.php\/wp-json\/wp\/v2\/posts\/387\/revisions\/391"}],"wp:featuredmedia":[{"embeddable":true,"href":"https:\/\/pzsmig.pl\/index.php\/wp-json\/wp\/v2\/media\/154"}],"wp:attachment":[{"href":"https:\/\/pzsmig.pl\/index.php\/wp-json\/wp\/v2\/media?parent=387"}],"wp:term":[{"taxonomy":"category","embeddable":true,"href":"https:\/\/pzsmig.pl\/index.php\/wp-json\/wp\/v2\/categories?post=387"},{"taxonomy":"post_tag","embeddable":true,"href":"https:\/\/pzsmig.pl\/index.php\/wp-json\/wp\/v2\/tags?post=387"}],"curies":[{"name":"wp","href":"https:\/\/api.w.org\/{rel}","templated":true}]}}