{"id":430,"date":"2022-07-06T16:30:54","date_gmt":"2022-07-06T14:30:54","guid":{"rendered":"https:\/\/pzsmig.pl\/?p=430"},"modified":"2022-07-06T14:27:33","modified_gmt":"2022-07-06T12:27:33","slug":"jestesmy-ale-po-co-suplement","status":"publish","type":"post","link":"https:\/\/pzsmig.pl\/index.php\/2022\/07\/06\/jestesmy-ale-po-co-suplement\/","title":{"rendered":"Jeste\u015bmy, ale po co? Suplement"},"content":{"rendered":"<p><strong>Obieca\u0142em, \u017ce za jaki\u015b czas wr\u00f3c\u0119 do tematu. No i nadszed\u0142 \u201ezajaki\u015b\u201d czas &#8230;<\/strong><\/p>\n<p>Czy istnieje jednoznaczna odpowied\u017a na pytanie zawarte w tytule? Wbrew pozorom, to skomplikowane. Bo, je\u017celi m\u00f3wimy o formacji w skali kraju, odpowied\u017a, jest prosta, je\u017celi chcemy m\u00f3wi\u0107 poszczeg\u00f3lnych jednostkach stra\u017cy miejskiej\/gminnej, zaczynaj\u0105 si\u0119 schody.<\/p>\n<p>Dlaczego?<\/p>\n<p>Dlatego, \u017ce czym innym s\u0105 normy prawne, formu\u0142a dzia\u0142ania okre\u015blona w ustawie o stra\u017cach gminnych a czym innym tzw. prawdziwe powody powo\u0142ania stra\u017cy w konkretnej gminie.<\/p>\n<p><u>Herezja?<\/u><\/p>\n<p><u>Na pewno?<\/u><\/p>\n<p>A mo\u017ce niekoniecznie?<\/p>\n<p>Chcia\u0142bym zwr\u00f3ci\u0107 uwag\u0119, na kilka sk\u0142adowych, kt\u00f3re prowadz\u0105 do konkluzji, na ko\u0144cu niniejszego tekstu.<\/p>\n<p>Pierwsza sk\u0142adowa \u2013 wielko\u015b\u0107 gminy, gdzie funkcjonuje stra\u017c. Przek\u0142ada si\u0119\u00a0 na bud\u017cet stra\u017cy, jej stan etatowy i bezpo\u015brednio na zakres realizowanych zada\u0144.<\/p>\n<p>Druga \u2013 zestawienie priorytet\u00f3w w dzia\u0142aniu, kt\u00f3re mo\u017ce by\u0107 (i z regu\u0142y jest) r\u00f3\u017cne dla ka\u017cdej jednostki.<\/p>\n<p>Truizm, ale szalenie istotny.<\/p>\n<p>R\u00f3wnie\u017c dlatego, \u017ce tworzy niezrozumienie i prowadzi do nieporozumie\u0144.<\/p>\n<p>Jakie? A cho\u0107by opinie \u2013 bo oni nic nie robi\u0105, nie ma ich tam, gdzie powinni by\u0107 itp., itd.<\/p>\n<p>W sumie, w cz\u0119\u015bci, s\u0142uszna \u2013 nie ma ich tam, gdzie powinni by\u0107, wymaga po\u015bwi\u0119cenia odrobiny czasu. Ma, co najmniej kilka mutacji, przewijaj\u0105cych si\u0119 w wypowiedziach tzw. anonimowych internaut\u00f3w:<\/p>\n<p>&#8211; bo jak widz\u0105 kiboli, to uciekaj\u0105;<\/p>\n<p>&#8211; bo jak lumpy\/\u017cule\/inni wi\u0119ksi ni\u017c stra\u017cnicy pij\u0105, to oni odwracaj\u0105 g\u0142owy;<\/p>\n<p>&#8211; bo s\u0105 m\u0105drzy, jak trzeba babcie z pietruszk\u0105 \u2026<\/p>\n<p>Ka\u017cdy (niemal) z nas, m\u00f3g\u0142by opowiedzie\u0107 swoj\u0105 histori\u0119, na temat powy\u017cszych przyk\u0142ad\u00f3w. Ja\u00a0r\u00f3wnie\u017c, ale nie chodzi o to, by robi\u0107, to co wszyscy i tak jak wszyscy.<\/p>\n<p>Znakomita wi\u0119kszo\u015b\u0107 \u201e\u0142obuz\u00f3w\u201d, z kt\u00f3rymi stra\u017cnik miejski mia\u0142\/ma\/b\u0119dzie mia\u0142 do czynienia, to nie s\u0105 raczej geniusze zbrodni, ani wybitni intelektuali\u015bci. Jednego nie mo\u017cna im odm\u00f3wi\u0107 \u2013 zdolno\u015bci do unikania kontakt\u00f3w z przedstawicielami s\u0142u\u017cb ochrony porz\u0105dku publicznego. Czyli, znakomita wi\u0119kszo\u015b\u0107 tzw. zdarze\u0144 ma miejsce wtedy, kiedy w pobli\u017cu nie ma ani policjant\u00f3w, ani stra\u017cnik\u00f3w miejskich. Bo cho\u0107 to, jak napisa\u0142em wcze\u015bniej, to nie geniusze zbrodni, to jednak nie idioci i nie b\u0119d\u0105 \u201eczyni\u0107 z\u0142a\u201d w obecno\u015bci funkcjonariuszy.<\/p>\n<p>I to pierwszy element wyja\u015bniaj\u0105cy \u201emitologiczny\u201d charakter przytoczonych wcze\u015bniej komentarzy.<\/p>\n<p>Drugi \u2013 to przywo\u0142ywana przeze mnie wielko\u015b\u0107 gminy, kt\u00f3ra determinuje wielko\u015b\u0107 stra\u017cy. Najcz\u0119\u015bciej, im wi\u0119ksze miasto (gmina), tym wi\u0119ksza stra\u017c. W praktyce, i tak w wielu przypadkach oczekiwania mijaj\u0105 si\u0119 z rzeczywisto\u015bci\u0105, co doprowadza do mniej czy bardziej potwierdzonych opinii o\u00a0dysfunkcjonalno\u015bci stra\u017cy w mie\u015bcie X czy Y. Zak\u0142adam tu, by\u0107 mo\u017ce bezpodstawnie, \u017ce\u00a0komentuj\u0105cy dysponuj\u0105 zar\u00f3wno wiedz\u0105, jak i m\u0105dro\u015bci\u0105.<\/p>\n<p><u>Taka implikacja.<\/u><\/p>\n<p>Je\u017celi w mie\u015bcie X jest za ma\u0142o stra\u017cnik\u00f3w w stosunku do oczekiwa\u0144 (a zawsze jest za ma\u0142o), to cz\u0119sto b\u0119dzie tak, \u017ce nie b\u0119dzie ich tam, gdzie zdaniem komentuj\u0105cych s\u0105 potrzebni.<\/p>\n<p>Oczywi\u015bcie, prawdziwo\u015b\u0107 tego zdania, mo\u017ce podwa\u017cy\u0107 sprawnie dzia\u0142aj\u0105ca kadra kierownicza jednostki, wykorzystuj\u0105c dost\u0119pne si\u0142y i \u015brodki. Nie tego jednak dotyczy moja wypowied\u017a.<\/p>\n<p>Wr\u00f3\u0107my do implikacji. Jej przyj\u0119cie, mo\u017ce prowadzi\u0107\u00a0 do fa\u0142szywego wniosku:<\/p>\n<p>Skoro nie ma ich tam, gdzie s\u0105 potrzebni, to znaczy, \u017ce s\u0105 zb\u0119dni.<\/p>\n<p>Kto z nas cho\u0107by raz w zawodowym \u017cyciu nie s\u0142ysza\u0142\/czyta\u0142 takiej opinii, niech pierwszy wyci\u0105gnie pa\u0142k\u0119 s\u0142u\u017cbow\u0105.<\/p>\n<p>To wszystko powoduje, \u017ce wci\u0105\u017c aktualne mo\u017ce by\u0107 pytanie \u2013 jeste\u015bmy, ale po co?<\/p>\n<p>Dzia\u0142amy na podstawie prawa i w granicach prawa.<\/p>\n<p>Prowadzi to do konieczno\u015bci akceptacji poni\u017cszej wypowiedzi.<\/p>\n<p><u>Po pierwsze<\/u> \u2013 jeste\u015bmy po to, by nadzorowa\u0107 przestrzeganie zasad, kt\u00f3re s\u0105 wa\u017cne z punktu widzenia spo\u0142eczno\u015bci lokalnej.<\/p>\n<p><u>Ale to nie wszystko.<\/u><\/p>\n<p>Bo, <u>po drugie<\/u> \u2013 jeste\u015bmy, po to, by pomaga\u0107 potrzebuj\u0105cym, nie tylko w zrozumieniu i przestrzeganiu zasad, r\u00f3wnie\u017c tam, gdzie nasza pomoc jest potrzebna, by rozwi\u0105za\u0107 problemy \u017cycia w przestrzeni publicznej.<\/p>\n<p><u>Jednym zdaniem?\u00a0 <\/u><\/p>\n<p>Jeste\u015bmy, aby pomaga\u0107, kiedy to mo\u017cliwe, egzekwowa\u0107 kiedy to konieczne.<\/p>\n<p>&nbsp;<\/p>\n","protected":false},"excerpt":{"rendered":"<p>Obieca\u0142em, \u017ce za jaki\u015b czas wr\u00f3c\u0119 do tematu. No i nadszed\u0142 \u201ezajaki\u015b\u201d czas &#8230; Czy istnieje jednoznaczna odpowied\u017a na pytanie&hellip;<\/p>\n","protected":false},"author":2,"featured_media":429,"comment_status":"closed","ping_status":"closed","sticky":false,"template":"","format":"standard","meta":{"footnotes":""},"categories":[56],"tags":[59,60,58,37,38],"class_list":["post-430","post","type-post","status-publish","format-standard","has-post-thumbnail","hentry","category-opinie","tag-duma","tag-honor","tag-mundur","tag-straz-miejska","tag-straznicy-miejscy"],"_links":{"self":[{"href":"https:\/\/pzsmig.pl\/index.php\/wp-json\/wp\/v2\/posts\/430","targetHints":{"allow":["GET"]}}],"collection":[{"href":"https:\/\/pzsmig.pl\/index.php\/wp-json\/wp\/v2\/posts"}],"about":[{"href":"https:\/\/pzsmig.pl\/index.php\/wp-json\/wp\/v2\/types\/post"}],"author":[{"embeddable":true,"href":"https:\/\/pzsmig.pl\/index.php\/wp-json\/wp\/v2\/users\/2"}],"replies":[{"embeddable":true,"href":"https:\/\/pzsmig.pl\/index.php\/wp-json\/wp\/v2\/comments?post=430"}],"version-history":[{"count":1,"href":"https:\/\/pzsmig.pl\/index.php\/wp-json\/wp\/v2\/posts\/430\/revisions"}],"predecessor-version":[{"id":431,"href":"https:\/\/pzsmig.pl\/index.php\/wp-json\/wp\/v2\/posts\/430\/revisions\/431"}],"wp:featuredmedia":[{"embeddable":true,"href":"https:\/\/pzsmig.pl\/index.php\/wp-json\/wp\/v2\/media\/429"}],"wp:attachment":[{"href":"https:\/\/pzsmig.pl\/index.php\/wp-json\/wp\/v2\/media?parent=430"}],"wp:term":[{"taxonomy":"category","embeddable":true,"href":"https:\/\/pzsmig.pl\/index.php\/wp-json\/wp\/v2\/categories?post=430"},{"taxonomy":"post_tag","embeddable":true,"href":"https:\/\/pzsmig.pl\/index.php\/wp-json\/wp\/v2\/tags?post=430"}],"curies":[{"name":"wp","href":"https:\/\/api.w.org\/{rel}","templated":true}]}}