{"id":434,"date":"2022-07-12T16:15:47","date_gmt":"2022-07-12T14:15:47","guid":{"rendered":"https:\/\/pzsmig.pl\/?p=434"},"modified":"2022-07-12T11:48:09","modified_gmt":"2022-07-12T09:48:09","slug":"krotki-subiektywny-kurs-operatora-edytora-tekstu-prequel","status":"publish","type":"post","link":"https:\/\/pzsmig.pl\/index.php\/2022\/07\/12\/krotki-subiektywny-kurs-operatora-edytora-tekstu-prequel\/","title":{"rendered":"Kr\u00f3tki, subiektywny kurs operatora edytora tekstu \u2013 prequel"},"content":{"rendered":"<p>&nbsp;<\/p>\n<p>Tak sobie pomy\u015bla\u0142em, \u017ce mo\u017ce by napisa\u0107 co mo\u017cna zrobi\u0107 zamiast narzekania na tych okropnych dziennikarzy. Przyznam, \u017ce napisa\u0142em, z grubsza, sze\u015b\u0107 do o\u015bmiu stron (nie musisz tego czyta\u0107, bo to wolny kraj). I kiedy ju\u017c mia\u0142em je napisane, zacz\u0105\u0142em si\u0119 zastanawia\u0107, niby dlaczego to robi\u0119. W\u0142a\u015bnie wtedy zobaczy\u0142em, zrozumia\u0142em i westchn\u0105\u0142em w rozpaczy.<\/p>\n<p>Zobaczcie, oce\u0144cie i zap\u0142aczcie wesp\u00f3\u0142 ze mn\u0105. Facebook zdecydowanie nie jest najbardziej polecanym \u017ar\u00f3d\u0142em wiedzy. Cho\u0107 bywa \u017ar\u00f3d\u0142em rozczarowa\u0144 albo kiepskich dowcip\u00f3w.<\/p>\n<p>Wczoraj znalaz\u0142em informacj\u0119, opublikowan\u0105 przez jedn\u0105 z jedn\u0105 ze stra\u017cy miejskich, z zachodniej Polski. To prawdziwa skarbnica przyk\u0142ad\u00f3w wyja\u015bniaj\u0105cych jak nie nale\u017cy pisa\u0107. Nie tylko o stra\u017cach miejskich, o stra\u017cnikach, w og\u00f3le jak nie nale\u017cy pisa\u0107.<\/p>\n<p><u>Przyk\u0142ad nr 1.<\/u><\/p>\n<p>\u201e<span style=\"text-decoration: underline;\">W minionych tygodniach wybrane prace Stra\u017cy Miejskiej<\/span>\u201d<\/p>\n<p>Okropna odwr\u00f3cona sk\u0142adnia. Je\u017celi ju\u017c, to \u201eWybrane prace Stra\u017cy Miejskiej w minionych tygodniach\u201d. Je\u017celi ju\u017c, bo sk\u0105d to dramatycznie niepasuj\u0105ce do sytuacji okre\u015blenie \u201eprace Stra\u017cy Miejskiej\u201d. Mo\u017ce jednak \u201einterwencje\u201d, \u201edzia\u0142ania\u201d \u201eczynno\u015bci\u201d? Mo\u017ce nawet \u201eczynno\u015bci s\u0142u\u017cbowe\u201d? Oczywi\u015bcie zachodzi podejrzenie stylizacji j\u0119zykowej inspirowanej 12 pracami Asterixa, ale\u2026 raczej nie. Prac Asterixa jest 12, w komentowanym tek\u015bcie \u2013 osiem, wi\u0119c pe\u0142en\u00a0 niepokoju jestem.<\/p>\n<p>To nie wszystko drodzy moi.<\/p>\n<p>Kandydat na operatora edytora tekstu nie zatrzymuje si\u0119 i wali jak Thor swoim m\u0142otem Mijonirem. Skupcie si\u0119, warto.<\/p>\n<p><u>Przyk\u0142ad nr 2<\/u><\/p>\n<p>Cyt. \u201e<u>za kinem le\u017c\u0105cy m\u0119\u017cczyzna dosta\u0142 drgawek prawdopodobnie spowodowane padaczk\u0105 alkoholow\u0105.Udzielono mu pierwszej pomocy przedmedycznej.Wezwano pogotowie ratunkowe, decyzj\u0105 ratownik\u00f3w medycznych zosta\u0142 przewieziony do szpitala<\/u>\u201d (pisownia, interpunkcja oryginalna)<\/p>\n<p>Pytania wciskaj\u0105 si\u0119 przez ka\u017cde okno, bo w drzwiach si\u0119 nie mieszcz\u0105. Komentowany tekst to\u00a0\u201eW\u00a0minionych tygodniach wybrane prace Stra\u017cy Miejskiej\u201d. Wi\u0119c, kt\u00f3ra czynno\u015b\u0107 przywo\u0142ana w\u00a0cytacie jest prac\u0105 Stra\u017cy Miejskiej? Drgawki m\u0119\u017cczyzny, wezwanie pomocy przedmedycznej, czy mo\u017ce to, \u017ce m\u0119\u017cczyzna zosta\u0142 przewieziony do szpitala?<\/p>\n<p>A tak przy okazji, kto\u015b, gdzie\u015b nie do ko\u0144ca pami\u0119ta\u0142, \u017ce po kropce, to powinna by\u0107 spacja. Nie zgadzaj\u0105 si\u0119 stylistyczne formy u\u017cyte w zdaniach, ot takie drobiazgi. A przecie\u017c mog\u0142oby by\u0107 subiektywnie inaczej. Na przyk\u0142ad tak:\u00a0 \u201eUdzielili\u015bmy pierwszej pomocy przedmedycznej m\u0119\u017cczy\u017anie znalezionemu za budynkiem kina. Nast\u0119pnie wezwali\u015bmy Zesp\u00f3\u0142 Ratownictwa Medycznego, kt\u00f3ry przewi\u00f3z\u0142 poszkodowanego do szpitala\u201d.<\/p>\n<p>Po co \u00a0stygmatyzuj\u0105ce szczeg\u00f3\u0142y, drgawki, padaczka alkoholowa? Co one wnosz\u0105 do sensu informacji, jakim jest udzielanie pomocy potrzebuj\u0105cemu? Nic nie wnosz\u0105. Poza wspomnian\u0105 stygmatyzacj\u0105 chorej osoby.<\/p>\n<p><u>Przyk\u0142ad 3<\/u><\/p>\n<p>Cyt. \u201e<u>pojazd stoczy\u0142 si\u0119 na ulic\u0119 utrudniaj\u0105c przejazd.Wepchni\u0119to samoch\u00f3d na miejsce parkingowe, kt\u00f3ry zosta\u0142 zabezpieczony przed ponownym stoczeniem.Drodzy kierowcy aby do takich zdarze\u0144 nie dochodzi\u0142o pami\u0119tajcie zaci\u0105gn\u0105\u0107 r\u0119czny i pozostawi\u0107 pojazd na biegu<\/u>\u201d (pisownia i interpunkcja oryginalna)<\/p>\n<p>Niestety, to prawdziwy cytat. Ja wiem, sam przed laty powtarza\u0142em, \u017ce nale\u017cy o naszej pracy pisa\u0107 prostym j\u0119zykiem, ale czy powy\u017cszy cytat nie jest napisany zbyt \u201eprostym\u201d j\u0119zykiem? Niezgodno\u015b\u0107 form, problemy stylistyczne, brak spacji po kropkach przyt\u0142aczaj\u0105. Przyt\u0142aczaj\u0105 i powoduj\u0105 raczej rechot ni\u017c zainteresowanie prac\u0105 stra\u017cnik\u00f3w miejskich. A jakby tego by\u0142o ma\u0142o, to klasyczny przyk\u0142ad slangu \u201ezaci\u0105gn\u0105\u0107 r\u0119czny i pozostawi\u0107 pojazd na biegu\u201d. Czy a\u017c tak trudne by\u0142oby napisanie (subiektywnie) \u201epami\u0119tajcie o u\u017cyciu r\u0119cznego hamulca i pozostawienie pojazdu na pierwszym biegu\u201d?<\/p>\n<p><strong>Dlaczego, pisz\u0119 o tym wszystkim?<\/strong><\/p>\n<p><span style=\"text-decoration: underline;\">Tworzenie w\u0142asnych tre\u015bci, kana\u0142\u00f3w informacyjnych to dobry pomys\u0142. Je\u017celi ma mie\u0107 sens (to\u00a0tworzenie), musimy to robi\u0107, tak by budzi\u0107 zainteresowanie, by ludzie chcieli nas czyta\u0107, poznawa\u0107 nasz\u0105 prac\u0119, a nie szuka\u0107 okazji do z\u0142o\u015bliwego rechotu i r\u00f3wnie z\u0142o\u015bliwych komentarzy.<\/span><\/p>\n<p>Chcesz dowiedzie\u0107 si\u0119 wi\u0119cej, chcesz pozna\u0107 subiektywny kurs operatora edytora tekstu? Szukaj kolejnych odcink\u00f3w, czytaj, kombinuj i komentuj. Razem mo\u017cemy wi\u0119cej.<\/p>\n<p>&nbsp;<\/p>\n<p>PS.<\/p>\n<p>Na obrazku mo\u017cecie przeczyta\u0107 sobie ca\u0142y tekst. Z premedytacj\u0105 usun\u0105\u0142em z niego wszystkie elementy identyfikuj\u0105ce. Przyznam jednak, \u017ce fanpage Stra\u017cy Miejskiej, kt\u00f3rej wpis pozwoli\u0142em sobie wykorzysta\u0107, a\u017c skrzy si\u0119 od przyk\u0142ad\u00f3w, jak nie nale\u017cy pisa\u0107.<\/p>\n<p>&nbsp;<\/p>\n<p><img fetchpriority=\"high\" decoding=\"async\" class=\"aligncenter wp-image-433\" src=\"http:\/\/pzsmig.pl\/wp-content\/uploads\/2022\/07\/sm-cytat-1-300x276.png\" alt=\"\" width=\"462\" height=\"425\" srcset=\"https:\/\/pzsmig.pl\/wp-content\/uploads\/2022\/07\/sm-cytat-1-300x276.png 300w, https:\/\/pzsmig.pl\/wp-content\/uploads\/2022\/07\/sm-cytat-1.png 480w\" sizes=\"(max-width: 462px) 100vw, 462px\" \/><\/p>\n<p>&nbsp;<\/p>\n<p>&nbsp;<\/p>\n","protected":false},"excerpt":{"rendered":"<p>&nbsp; Tak sobie pomy\u015bla\u0142em, \u017ce mo\u017ce by napisa\u0107 co mo\u017cna zrobi\u0107 zamiast narzekania na tych okropnych dziennikarzy. Przyznam, \u017ce napisa\u0142em,&hellip;<\/p>\n","protected":false},"author":2,"featured_media":432,"comment_status":"closed","ping_status":"closed","sticky":false,"template":"","format":"standard","meta":{"footnotes":""},"categories":[56],"tags":[],"class_list":["post-434","post","type-post","status-publish","format-standard","has-post-thumbnail","hentry","category-opinie"],"_links":{"self":[{"href":"https:\/\/pzsmig.pl\/index.php\/wp-json\/wp\/v2\/posts\/434","targetHints":{"allow":["GET"]}}],"collection":[{"href":"https:\/\/pzsmig.pl\/index.php\/wp-json\/wp\/v2\/posts"}],"about":[{"href":"https:\/\/pzsmig.pl\/index.php\/wp-json\/wp\/v2\/types\/post"}],"author":[{"embeddable":true,"href":"https:\/\/pzsmig.pl\/index.php\/wp-json\/wp\/v2\/users\/2"}],"replies":[{"embeddable":true,"href":"https:\/\/pzsmig.pl\/index.php\/wp-json\/wp\/v2\/comments?post=434"}],"version-history":[{"count":4,"href":"https:\/\/pzsmig.pl\/index.php\/wp-json\/wp\/v2\/posts\/434\/revisions"}],"predecessor-version":[{"id":438,"href":"https:\/\/pzsmig.pl\/index.php\/wp-json\/wp\/v2\/posts\/434\/revisions\/438"}],"wp:featuredmedia":[{"embeddable":true,"href":"https:\/\/pzsmig.pl\/index.php\/wp-json\/wp\/v2\/media\/432"}],"wp:attachment":[{"href":"https:\/\/pzsmig.pl\/index.php\/wp-json\/wp\/v2\/media?parent=434"}],"wp:term":[{"taxonomy":"category","embeddable":true,"href":"https:\/\/pzsmig.pl\/index.php\/wp-json\/wp\/v2\/categories?post=434"},{"taxonomy":"post_tag","embeddable":true,"href":"https:\/\/pzsmig.pl\/index.php\/wp-json\/wp\/v2\/tags?post=434"}],"curies":[{"name":"wp","href":"https:\/\/api.w.org\/{rel}","templated":true}]}}