{"id":440,"date":"2022-07-27T16:00:29","date_gmt":"2022-07-27T14:00:29","guid":{"rendered":"https:\/\/pzsmig.pl\/?p=440"},"modified":"2022-07-27T12:43:56","modified_gmt":"2022-07-27T10:43:56","slug":"problem-budynku-uzytecznosci-publicznej-czy-dostep-do-niego-moze-byc-limitowany","status":"publish","type":"post","link":"https:\/\/pzsmig.pl\/index.php\/2022\/07\/27\/problem-budynku-uzytecznosci-publicznej-czy-dostep-do-niego-moze-byc-limitowany\/","title":{"rendered":"Problem budynku u\u017cyteczno\u015bci publicznej. Czy dost\u0119p do niego mo\u017ce by\u0107 limitowany?"},"content":{"rendered":"<p>Ale dlaczego? O co chodzi? I z czego to wynika?<\/p>\n<p>Agresywny \u201esuweren\u201d u naszych bram. Chce wej\u015b\u0107, jest wzgl\u0119dnie agresywny, za to nieust\u0119pliwy, bo \u201emu si\u0119 wydaje\u201d, \u017ce ma prawo.<\/p>\n<p>I w sumie ma racj\u0119, bo na podstawie prawa, \u015bci\u015blej art. 83 Konstytucji RP ma obowi\u0105zek przestrzegania prawa Rzeczpospolitej Polskiej. A my mo\u017cemy mu pom\u00f3c zrozumie\u0107.<\/p>\n<p>\u201eSuweren\u201d z regu\u0142y nie ma uzasadnionego prawnie powodu, by znale\u017a\u0107 si\u0119 w pomieszczeniach Stra\u017cy. \u00a0Ma za to telefon kom\u00f3rkowy na gimbalu albo selfie-sticku i chce \u201edymu\u201d, bo on jest \u201esuweren\u201d i jemu si\u0119 nale\u017cy.<\/p>\n<p>No i powstaje pytanie.<\/p>\n<p>Co zrobi\u0107, kiedy kto\u015b \u017c\u0105da wej\u015bcia na teren jednostki stra\u017cy miejskiej, powo\u0142uj\u0105c si\u0119 na to, \u017ce budynek jest u\u017cyteczno\u015bci publicznej.<\/p>\n<p>Pomy\u015blmy.<\/p>\n<p>Definicj\u0119 budynku u\u017cyteczno\u015bci publicznej okre\u015bla \u00a7 3 pkt 6 Rozporz\u0105dzenia Ministra Infrastruktury z dnia 12 kwietnia 2002 r. w sprawie warunk\u00f3w technicznych, jakim powinny odpowiada\u0107 budynki i ich usytuowanie \u2013 \u201ebudynkiem u\u017cyteczno\u015bci publicznej jest budynek przeznaczony na potrzeby administracji publicznej, wymiaru sprawiedliwo\u015bci, kultury, kultu religijnego, o\u015bwiaty, szkolnictwa wy\u017cszego, nauki, wychowania, opieki zdrowotnej\u201d.<\/p>\n<p>Bior\u0105c pod uwag\u0119 powy\u017csze, nale\u017cy uzna\u0107, \u017ce budynek biurowy lub socjalny r\u00f3wnie\u017c uznaje si\u0119 za\u00a0budynek u\u017cyteczno\u015bci publicznej.<\/p>\n<p>Nale\u017cy zauwa\u017cy\u0107, \u017ce istnieje wiele mo\u017cliwo\u015bci limitowania dost\u0119pu do budynku u\u017cyteczno\u015bci publicznej lub jego cz\u0119\u015bci \u2013 cho\u0107by ze wzgl\u0119du na:<\/p>\n<ol>\n<li>bezpiecze\u0144stwo znajduj\u0105cych si\u0119 w nim os\u00f3b, mienia itp;<\/li>\n<li>charakter prowadzonej w nim dzia\u0142alno\u015bci;<\/li>\n<li>konieczno\u015b\u0107 ochrony informacji znajduj\u0105cych si\u0119 w budynku, przed dost\u0119pem os\u00f3b nieupowa\u017cnionych.<\/li>\n<\/ol>\n<p>Czyli, bez w\u0105tpienia u\u017cyteczno\u015b\u0107 publiczna nie oznacza w \u017caden spos\u00f3b swobodnego dost\u0119pu do\u00a0ka\u017cdego znajduj\u0105cego si\u0119 w nim miejsca.<\/p>\n<p>Kto decyduje o dost\u0119pno\u015bci budynku?<\/p>\n<ol>\n<li>Administrator Danych Osobowych \u2013 bior\u0105c pod uwag\u0119 konieczno\u015b\u0107 zapewnienia ochrony danych osobowych znajduj\u0105cych si\u0119 w budynku,<\/li>\n<li>W\u0142a\u015bciciel\/zarz\u0105dca budynku \u2013 bior\u0105c pod uwag\u0119 konieczno\u015b\u0107 zapewnienia bezpiecze\u0144stwa os\u00f3b i mienia w budynku.<\/li>\n<\/ol>\n<p><strong>Opcja pierwsza <\/strong>Co powinien zrobi\u0107 funkcjonariusz Stra\u017cy Miejskiej, kiedy kto\u015b chce wej\u015b\u0107 do\u00a0budynku \/pomieszcze\u0144 s\u0142u\u017cbowych, do kt\u00f3rych dost\u0119p jest limitowany?<\/p>\n<p>Powinien poinformowa\u0107, \u017ce z uwagi na charakter prowadzonej w nim dzia\u0142alno\u015bci dost\u0119p jest limitowany.<\/p>\n<p>Je\u017celi to mo\u017cliwe (uzasadnienie obecno\u015bci w budynku \/ pomieszczeniach) pytaj\u0105cy mo\u017ce wej\u015b\u0107, je\u017celi nie ma uzasadnienia \u2013 ma uzyska\u0107 stanowcz\u0105 odmow\u0119 dost\u0119pu.<\/p>\n<p>Je\u017celi mimo odmowy dost\u0119pu chce wej\u015b\u0107, nale\u017cy uzna\u0107, \u017ce zachodzi sytuacja zagro\u017cenia bezpiecze\u0144stwa budynku, os\u00f3b i mienia, a to jest podstawa do zdecydowanego wyst\u0105pienia z\u00a0u\u017cyciem przymusu bezpo\u015bredniego w\u0142\u0105cznie.<\/p>\n<p>&nbsp;<\/p>\n<p>cdn.<\/p>\n<p>&nbsp;<\/p>\n<p>Zdj\u0119cie \u2013 youtube.com<\/p>\n","protected":false},"excerpt":{"rendered":"<p>Ale dlaczego? O co chodzi? I z czego to wynika? Agresywny \u201esuweren\u201d u naszych bram. Chce wej\u015b\u0107, jest wzgl\u0119dnie agresywny,&hellip;<\/p>\n","protected":false},"author":2,"featured_media":442,"comment_status":"closed","ping_status":"closed","sticky":false,"template":"","format":"standard","meta":{"footnotes":""},"categories":[56],"tags":[],"class_list":["post-440","post","type-post","status-publish","format-standard","has-post-thumbnail","hentry","category-opinie"],"_links":{"self":[{"href":"https:\/\/pzsmig.pl\/index.php\/wp-json\/wp\/v2\/posts\/440","targetHints":{"allow":["GET"]}}],"collection":[{"href":"https:\/\/pzsmig.pl\/index.php\/wp-json\/wp\/v2\/posts"}],"about":[{"href":"https:\/\/pzsmig.pl\/index.php\/wp-json\/wp\/v2\/types\/post"}],"author":[{"embeddable":true,"href":"https:\/\/pzsmig.pl\/index.php\/wp-json\/wp\/v2\/users\/2"}],"replies":[{"embeddable":true,"href":"https:\/\/pzsmig.pl\/index.php\/wp-json\/wp\/v2\/comments?post=440"}],"version-history":[{"count":1,"href":"https:\/\/pzsmig.pl\/index.php\/wp-json\/wp\/v2\/posts\/440\/revisions"}],"predecessor-version":[{"id":441,"href":"https:\/\/pzsmig.pl\/index.php\/wp-json\/wp\/v2\/posts\/440\/revisions\/441"}],"wp:featuredmedia":[{"embeddable":true,"href":"https:\/\/pzsmig.pl\/index.php\/wp-json\/wp\/v2\/media\/442"}],"wp:attachment":[{"href":"https:\/\/pzsmig.pl\/index.php\/wp-json\/wp\/v2\/media?parent=440"}],"wp:term":[{"taxonomy":"category","embeddable":true,"href":"https:\/\/pzsmig.pl\/index.php\/wp-json\/wp\/v2\/categories?post=440"},{"taxonomy":"post_tag","embeddable":true,"href":"https:\/\/pzsmig.pl\/index.php\/wp-json\/wp\/v2\/tags?post=440"}],"curies":[{"name":"wp","href":"https:\/\/api.w.org\/{rel}","templated":true}]}}