{"id":446,"date":"2022-07-29T07:00:05","date_gmt":"2022-07-29T05:00:05","guid":{"rendered":"https:\/\/pzsmig.pl\/?p=446"},"modified":"2022-07-29T06:57:13","modified_gmt":"2022-07-29T04:57:13","slug":"krotki-kurs-podstawowy-subiektywny-operatora-edytora-tekstu-czesc-1-prawdy-nieoczywiste-priorytety-i-zasady","status":"publish","type":"post","link":"https:\/\/pzsmig.pl\/index.php\/2022\/07\/29\/krotki-kurs-podstawowy-subiektywny-operatora-edytora-tekstu-czesc-1-prawdy-nieoczywiste-priorytety-i-zasady\/","title":{"rendered":"Kr\u00f3tki kurs podstawowy (subiektywny) operatora edytora tekstu, cz\u0119\u015b\u0107 1 \u201ePrawdy nieoczywiste, priorytety i zasady\u201d"},"content":{"rendered":"<p><strong>Czy mo\u017cna zrobi\u0107 co\u015b, by ludzie dowiedzieli si\u0119, co robimy? Czy z tym, co robimy, mo\u017cna przebi\u0107 si\u0119 do medi\u00f3w, nie tylko lokalnych?<\/strong><\/p>\n<p>Wielu z was odpowie, nic nie mo\u017cna zrobi\u0107 i nie da si\u0119 dotrze\u0107 do medi\u00f3w z informacjami na temat naszej pracy.<\/p>\n<p>Je\u017celi uwa\u017casz, \u017ce maj\u0105 racj\u0119, nie czytaj dalej. Je\u017celi uwa\u017casz, \u017ce wiesz wszystko na ten temat, a ja nie mam nic ciekawego do powiedzenia, nie czytaj dalej, szkoda Twojego czasu.<\/p>\n<p>Jednak\u017ce, je\u017celi masz otwarty umys\u0142 i wiesz, \u017ce warto poznawa\u0107 inne spojrzenie na interesuj\u0105cy Ci\u0119 temat, a przy okazji, masz co\u015b ciekawego do przekazania, o tym, co robisz Ty i Twoi koledzy i\u00a0kole\u017canki, zapraszam do wsp\u00f3lnej podr\u00f3\u017cy.<\/p>\n<p><strong><u>Pocz\u0105tek.<\/u><\/strong><\/p>\n<p>Zdecydowa\u0142e\u015b si\u0119 albo Tw\u00f3j prze\u0142o\u017cony zdecydowa\u0142 za Ciebie. Mo\u017ce jeste\u015b przera\u017cony, mo\u017ce wkurzony, albo masz na to wy&#8230;one. Mimo to musisz zacz\u0105\u0107 to robi\u0107. A przecie\u017c nie bardzo wiesz, o\u00a0czym pisa\u0107.<\/p>\n<p>Od tego zaczniemy.<\/p>\n<p>Wszystko jest mo\u017cliwe, nawet je\u017celi wiesz, ze to trudne i co najwa\u017cniejsze nie r\u00f3b tego tak jak wszyscy, zastan\u00f3w si\u0119, co mo\u017cesz zrobi\u0107 inaczej.<\/p>\n<p>Je\u017celi to zrobisz, by\u0107 mo\u017ce nie b\u0119dziesz jedyny, ale na pewno b\u0119dziesz\u00a0 w grupie tych nielicznych, kt\u00f3rym si\u0119 udaje.<\/p>\n<p><u>Prawdy nieoczywiste<\/u><\/p>\n<p><u>Pierwsza<\/u><\/p>\n<p>Nie ma stra\u017cy, w kt\u00f3rej nic si\u0119 nie dzieje, a zatem nie ma o czym pisa\u0107. Nie szukaj informacji, kt\u00f3re mog\u0142yby pojawi\u0107 si\u0119 na g\u0142\u00f3wnych stronach wielkich portali informacyjnych. Nie ta skala, nie ten moment, cho\u0107 wszystko mo\u017ce si\u0119 zdarzy\u0107.<\/p>\n<p>Zastan\u00f3w si\u0119, dlaczego ludzie maj\u0105 z\u0142\u0105 opini\u0119 o stra\u017cnikach. Je\u017celi uwa\u017casz, \u017ce s\u0105 g\u0142upi, to jest dobry moment, \u017ceby\u015b da\u0142 sobie spok\u00f3j z czytaniem. Szkoda Twojego czasu. Masz inne zdanie? Zastan\u00f3w si\u0119, czy czasem nie jest tak, \u017ce po prostu nie wiedz\u0105, co robisz Ty i reszta Twojej Jednostki? A je\u017celi ju\u017c wiedz\u0105, czy przypadkiem nie jest tak, \u017ce nie rozumiej\u0105, dlaczego to robicie? Wr\u00f3c\u0119 jeszcze do tego.<\/p>\n<p><u>Druga<\/u><\/p>\n<p>A teraz informacja, informacja, informacja.<\/p>\n<p>W ka\u017cdej stra\u017cy co\u015b si\u0119 dzieje, w ka\u017cdej stra\u017cnicy podejmuj\u0105 interwencje. Sprawy porz\u0105dkowe, post\u00f3j pojazd\u00f3w, drobni pijaczkowie. Tematy mo\u017cna mno\u017cy\u0107.<\/p>\n<p>I ju\u017c prawie jeste\u015bmy w ogr\u00f3dku i witamy si\u0119 z g\u0105sk\u0105. Prawie, bo zosta\u0142 drobiazg, drobia\u017cd\u017cek.<\/p>\n<p><u>Priorytety.<\/u><\/p>\n<p>Sporo ich b\u0119dzie w naszej podr\u00f3\u017cy.<\/p>\n<p>Zaczn\u0119 od priorytet\u00f3w informacyjnych.<\/p>\n<p>Na pocz\u0105tek zapomnij o prostych informacjach o kontroli prawid\u0142owo\u015bci postoju. Co\u015b w stylu \u201ew\u00a0dniu\u2026 o\u00a0godzinie \u2026 na ulicy\u2026 stra\u017cnicy przeprowadzili kontrol\u0119 pod k\u0105tem prawid\u0142owo\u015bci postoju pojazd\u00f3w\u201d. Je\u017celi tego nie zrobisz, wpiszesz si\u0119 w rozw\u00f3j historycznie uwarunkowanego mitu \u2013 oni nic nie potrafi\u0105 robi\u0107, poza zak\u0142adaniem blokad i \u015bciganiem bab\u0107 z pietruszk\u0105.<\/p>\n<p><u>Wi\u0119c?<\/u><\/p>\n<p>Pami\u0119taj, \u017ce jeste\u015b cz\u0142onkiem grupy, kt\u00f3rej spo\u0142eczno\u015b\u0107 lokalna p\u0142aci wynagrodzenie, za to, \u017ce nadzoruje (ta grupa) przestrzeganie <strong><u>zasad<\/u><\/strong> wa\u017cnych w interesie dobra i spokojnej egzystencji spo\u0142eczno\u015bci lokalnej.<\/p>\n<p><u>Co to oznacza dla Ciebie?<\/u><\/p>\n<p>Je\u017celi ju\u017c chcesz pisa\u0107 o wyj\u0105tkowo chuliga\u0144skim postoju samochod\u00f3w (wbrew pozorom, to mo\u017cliwe), to nie skupiaj si\u0119 nad tym, jakie artyku\u0142y kodeksu wykrocze\u0144 zosta\u0142y z\u0142amane. Skup si\u0119 na tym, \u017ce z\u0142amano zasady.<\/p>\n<p>Pami\u0119taj, ZASADY, pozwalaj\u0105 czu\u0107 si\u0119 bezpiecznie. Powoduj\u0105, \u017ce dzia\u0142amy, tak by nie stawia\u0107 naszej wygody, ponad spok\u00f3j i bezpiecze\u0144stwo innych.<\/p>\n<p>Je\u017celi b\u0119dziesz uparty i wci\u0105\u017c, i wci\u0105\u017c b\u0119dziesz pisa\u0142 o nieprawid\u0142owym postoju pojazd\u00f3w, mandatach i blokadach, wpiszesz si\u0119 w schemat \u2013 oni nic nie potrafi\u0105 poza zak\u0142adaniem blokad (no i \u015bciganiem bab\u0107 z pietruszk\u0105 ble, ble).<\/p>\n<p>Je\u017celi o tym pomy\u015blisz, znajdziesz spos\u00f3b by to opisa\u0107, je\u017celi nie \u2013 znajdziesz pow\u00f3d, by tego nie robi\u0107.<\/p>\n<p>Prawda ko\u0144cz\u0105ca, ten etap:<\/p>\n<p>Po pierwsze: Oczywi\u015bcie, \u017ce mo\u017cna zrobi\u0107 co\u015b by ludzie dowiedzieli si\u0119 o tym, co robimy.<\/p>\n<p>Po drugie: Dzia\u0142anie musi mie\u0107 indywidualny styl, Tw\u00f3j styl.<\/p>\n<p>To tyle, na pocz\u0105tek, ju\u017c nied\u0142ugo o schematach, j\u0119zyku i innych powi\u0105zanych sprawach.<\/p>\n","protected":false},"excerpt":{"rendered":"<p>Czy mo\u017cna zrobi\u0107 co\u015b, by ludzie dowiedzieli si\u0119, co robimy? Czy z tym, co robimy, mo\u017cna przebi\u0107 si\u0119 do medi\u00f3w,&hellip;<\/p>\n","protected":false},"author":2,"featured_media":445,"comment_status":"closed","ping_status":"closed","sticky":false,"template":"","format":"standard","meta":{"footnotes":""},"categories":[56],"tags":[58,61,37,38],"class_list":["post-446","post","type-post","status-publish","format-standard","has-post-thumbnail","hentry","category-opinie","tag-mundur","tag-opinia","tag-straz-miejska","tag-straznicy-miejscy"],"_links":{"self":[{"href":"https:\/\/pzsmig.pl\/index.php\/wp-json\/wp\/v2\/posts\/446","targetHints":{"allow":["GET"]}}],"collection":[{"href":"https:\/\/pzsmig.pl\/index.php\/wp-json\/wp\/v2\/posts"}],"about":[{"href":"https:\/\/pzsmig.pl\/index.php\/wp-json\/wp\/v2\/types\/post"}],"author":[{"embeddable":true,"href":"https:\/\/pzsmig.pl\/index.php\/wp-json\/wp\/v2\/users\/2"}],"replies":[{"embeddable":true,"href":"https:\/\/pzsmig.pl\/index.php\/wp-json\/wp\/v2\/comments?post=446"}],"version-history":[{"count":2,"href":"https:\/\/pzsmig.pl\/index.php\/wp-json\/wp\/v2\/posts\/446\/revisions"}],"predecessor-version":[{"id":448,"href":"https:\/\/pzsmig.pl\/index.php\/wp-json\/wp\/v2\/posts\/446\/revisions\/448"}],"wp:featuredmedia":[{"embeddable":true,"href":"https:\/\/pzsmig.pl\/index.php\/wp-json\/wp\/v2\/media\/445"}],"wp:attachment":[{"href":"https:\/\/pzsmig.pl\/index.php\/wp-json\/wp\/v2\/media?parent=446"}],"wp:term":[{"taxonomy":"category","embeddable":true,"href":"https:\/\/pzsmig.pl\/index.php\/wp-json\/wp\/v2\/categories?post=446"},{"taxonomy":"post_tag","embeddable":true,"href":"https:\/\/pzsmig.pl\/index.php\/wp-json\/wp\/v2\/tags?post=446"}],"curies":[{"name":"wp","href":"https:\/\/api.w.org\/{rel}","templated":true}]}}