{"id":451,"date":"2022-08-05T17:00:33","date_gmt":"2022-08-05T15:00:33","guid":{"rendered":"https:\/\/pzsmig.pl\/?p=451"},"modified":"2022-08-05T08:35:11","modified_gmt":"2022-08-05T06:35:11","slug":"suweren-u-bram-dokonczenie","status":"publish","type":"post","link":"https:\/\/pzsmig.pl\/index.php\/2022\/08\/05\/suweren-u-bram-dokonczenie\/","title":{"rendered":"&#8222;Suweren u bram&#8221; &#8211; doko\u0144czenie"},"content":{"rendered":"<p><strong>Pora na ci\u0105g dalszy wywodu, na temat czy ka\u017cdy mo\u017ce wej\u015b\u0107 do budynku u\u017cyteczno\u015bci publicznej i dlaczego nie mo\u017ce.<\/strong><\/p>\n<p><strong>Poprzednia cz\u0119\u015b\u0107 ko\u0144czy\u0142a si\u0119 tak:<\/strong><\/p>\n<p><strong>\u201eOczywi\u015bcie, wcze\u015bniej mo\u017cna podj\u0105\u0107 kolejn\u0105 pr\u00f3b\u0119 <u>wyja\u015bnienia, \u017ce mimo publicznego charakteru budynku, dost\u0119p do niego jest limitowany z uwagi na prowadzon\u0105 w nim dzia\u0142alno\u015b\u0107 i przetwarzanie danych osobowych.\u201d<\/u><\/strong><\/p>\n<p>&nbsp;<\/p>\n<p><strong>Opcja \u00a0druga.<\/strong> <u>Co nale\u017cy zrobi\u0107, w momencie pr\u00f3by si\u0142owego wej\u015bcia do budynku?<\/u><\/p>\n<p>Nale\u017cy u\u017cy\u0107 przymusu bezpo\u015bredniego w spos\u00f3b adekwatny do zakresu naruszenia, nast\u0119pnie nale\u017cy doprowadzi\u0107 do uj\u0119cia sprawcy i przekazania go Policji razem z notatk\u0105 s\u0142u\u017cbow\u0105.<\/p>\n<p>Kwestia u\u017cycia \u015brodk\u00f3w przymusu bezpo\u015bredniego zostanie om\u00f3wiona ni\u017cej.<\/p>\n<p><strong>Aspekt drugi \u2013 bo ja chce wej\u015b\u0107 jako osoba przybrana z osob\u0105, kt\u00f3ra b\u0119dzie przes\u0142uchiwana.<\/strong><\/p>\n<p><strong>Pytanie. Kto mo\u017ce wej\u015b\u0107 jako osoba przybrana z osob\u0105, kt\u00f3ra b\u0119dzie przes\u0142uchiwana?<\/strong><\/p>\n<p>Odpowied\u017a na to pytanie zale\u017cy od charakteru czynno\u015bci, jakie s\u0105 wykonywane.<\/p>\n<p>Zaczniemy od tych trudniejszych, jakimi s\u0105 mi\u0119dzy innymi czynno\u015bci przes\u0142uchania osoby, wobec kt\u00f3rej istnieje uzasadniona podstawa do skierowania wobec niej wniosku o ukaranie do S\u0105du. Potocznie \u2013 podejrzanej o pope\u0142nienie wykroczenia.<\/p>\n<p>Zasady post\u0119powania w takich wypadkach reguluj\u0105 dwie ustawy \u2013 kodeks post\u0119powania w sprawach o wykroczenia i stosowany odpowiednio kodeks post\u0119powania karnego. \u015aci\u015blej art. 4 \u00a7 2 Kodeksu post\u0119powania w sprawach o wykroczenia, kt\u00f3ry stwierdza wyra\u017anie: \u201ePrawo, o kt\u00f3rym mowa w \u00a7 1, przys\u0142uguje r\u00f3wnie\u017c osobie okre\u015blonej w art. 54 \u00a7 6 z chwil\u0105 przyst\u0105pienia do przes\u0142uchania po\u00a0powiadomieniu jej o tre\u015bci zarzut\u00f3w albo z chwil\u0105 wezwania jej do z\u0142o\u017cenia pisemnych wyja\u015bnie\u0144. Osob\u0119 t\u0119 nale\u017cy pouczy\u0107 o przys\u0142uguj\u0105cym jej prawie. Przepisy art. 21\u201324 stosuje si\u0119 odpowiednio.\u201d<\/p>\n<p>Odwo\u0142am si\u0119 do przyk\u0142adu z filmu.<\/p>\n<p>Nasz \u201esuweren\u201d chce wej\u015b\u0107 jako osoba przybrana, poniewa\u017c \u201eosoba podejrzana\u201d obawia si\u0119 o w\u0142asne \u017cycie i zdrowie (w tym psychiczne).<\/p>\n<p>Przepisy m\u00f3wi\u0105 wyra\u017anie, \u017ce przy przes\u0142uchaniu \u201esprawcy wykroczenia, jedyn\u0105 osob\u0105 poza osobami wykonuj\u0105cymi czynno\u015bci i poddan\u0105 \u2013 czynno\u015bciom, mo\u017ce by\u0107 obro\u0144ca.<\/p>\n<p>Czy \u201esuweren \u201d jest obro\u0144c\u0105? Nie, nie jest, zatem wej\u015b\u0107 nie mo\u017ce. Mo\u017cliwo\u015bci z przepis\u00f3w brak, koniec i kropka.<\/p>\n<p>Nale\u017cy przy tym \u201esuwerena\u201d wyra\u017aniej poinformowa\u0107 o tym, kto mo\u017ce wej\u015b\u0107 na przes\u0142uchanie osoby podejrzanej o pope\u0142nienie wykroczenia\u201d i je\u017celi nie przedstawi pe\u0142nomocnictwa do wyst\u0119powania w\u00a0charakterze obro\u0144cy, odm\u00f3wi\u0107 zgody na wej\u015bcie do pomieszcze\u0144.<\/p>\n<p>Prosta zale\u017cno\u015b\u0107, brak podstawy = brak mo\u017cliwo\u015bci wej\u015bcia. Koniec i kropka.<\/p>\n<p>Je\u017celi, przy tym \u201esuweren\u201d usi\u0142uje np. zablokowa\u0107 mo\u017cliwo\u015b\u0107 zamkni\u0119cia drzwi lub w jakikolwiek si\u0142owy spos\u00f3b utrudni\u0107 funkcjonowanie jednostki i czynno\u015bci, nale\u017cy go o tym poinformowa\u0107 i ostrzec o konsekwencjach.<\/p>\n<p>Pod \u017cadnym pozorem nie wolno wdawa\u0107 si\u0119 w dyskusje. Funkcjonariusz ma obowi\u0105zek poda\u0107 podstaw\u0119 prawn\u0105 czynno\u015bci? Tak. Ale czy ma obowi\u0105zek dyskutowa\u0107 z krewkim \u201esuweren\u201d? Nie,\u00a0nie ma obowi\u0105zku.<\/p>\n<p>Je\u017celi to konieczne, np. z powod\u00f3w taktycznych, stosujemy metod\u0119 \u201ezdartej p\u0142yty\u201d w reakcji na\u00a0wypowiedzi suwerena, bez wzgl\u0119du na ich tre\u015b\u0107.<\/p>\n<p><strong>Przyk\u0142ad<\/strong><\/p>\n<p><u>Funkcjonariusz: <\/u>\u00a0Nie mo\u017ce pan uczestniczy\u0107 w przes\u0142uchaniu z powodu braku podstawy prawnej.<\/p>\n<p><u>suweren:<\/u> Ale ja jestem przybrany z powodu zagro\u017cenia bezpiecze\u0144stwa!!!<\/p>\n<p><u>Funkcjonariusz:<\/u>\u00a0 Nie mo\u017ce pan uczestniczy\u0107 w przes\u0142uchaniu z powodu braku podstawy prawnej.<\/p>\n<p><u>suweren:<\/u> Czy pan mnie rozumie?<\/p>\n<p><u>Funkcjonariusz:<\/u> Rozumiem, nie mo\u017ce pan uczestniczy\u0107 w przes\u0142uchaniu z powodu braku podstawy prawnej.<\/p>\n<p>W powy\u017cszym symulowanym dialogi u\u017cyto autentycznych wypowiedzi \u201esuwerena\u201d.<\/p>\n<p>Oczywi\u015bcie w przypadku, gdy \u201esuweren\u201d zmienia tryb wypowiedzi, mo\u017cemy odst\u0105pi\u0107 od naszej metody i np. odpowiedzie\u0107 na pytanie. Podkre\u015blam, nie mamy obowi\u0105zki robi\u0107 tego wi\u0119cej ni\u017c raz w\u00a0przypadku ka\u017cdego pytania.<\/p>\n<p>Stra\u017cnik (funkcjonariusz) nie ma obowi\u0105zku dyskutowania z dowolnym \u201esuwerenem\u201d. Ma za to obowi\u0105zek uniemo\u017cliwi\u0107 naruszanie obowi\u0105zuj\u0105cego prawa.<\/p>\n<p>\u201eSuweren\u201d b\u0119dzie szuka\u0142 pretekstu, ka\u017cdego pretekstu. Nale\u017cy pami\u0119ta\u0107, \u017ce ka\u017cdy przejaw jego aktywno\u015bci jest nagrywany, albo przez niego, albo rzeczon\u0105 \u201esuwerenk\u0119\u201d.<\/p>\n<p>Pod \u017cadnym pozorem nie wolno da\u0107 si\u0119 sprowokowa\u0107.<\/p>\n<p>Moim zdaniem, trzykrotne powt\u00f3rzenie informacji o braku mo\u017cliwo\u015bci wej\u015bcia do pomieszcze\u0144 (wzi\u0119cia udzia\u0142u w przes\u0142uchaniu) wystarczy by dotar\u0142o do zainteresowanego.<\/p>\n<p>Kiedy przyjdzie na to pora, trzeba podj\u0105\u0107 decyzj\u0119 o przerwaniu przedstawienia, jakie na u\u017cytek kamery robi \u201esuweren\u201d.<\/p>\n<p>A \u017ceby u\u0142atwi\u0107 jej podj\u0119cie, przypomn\u0119:<\/p>\n<p><strong>Po pierwsze. <\/strong>Art. 11 ust. 1, 5, 6, 10, 11 i 13 ustawy o \u015brodkach przymusu bezpo\u015bredniego.<\/p>\n<p>\u015arodk\u00f3w przymusu bezpo\u015bredniego mo\u017cna u\u017cy\u0107 lub wykorzysta\u0107 je w przypadku okoliczno\u015bci podj\u0119cia jednego z nast\u0119puj\u0105cych dzia\u0142a\u0144\u201d<\/p>\n<ul>\n<li>Wyegzekwowania wymaganego prawem zachowania zgodnego z wydanym przez uprawnionego poleceniem;<\/li>\n<\/ul>\n<p>5)\u00a0 przeciwdzia\u0142ania bezpo\u015bredniemu zamachowi na chronione przez uprawnionego obszary, obiekty lub urz\u0105dzenia;<\/p>\n<p>6)\u00a0 ochrony porz\u0105dku lub bezpiecze\u0144stwa na obszarach lub w obiektach chronionych przez uprawnionego;<\/p>\n<p>10)\u00a0 uj\u0119cia osoby, udaremnienia jej ucieczki lub po\u015bcigu za t\u0105 osob\u0105;<\/p>\n<p>12) pokonywania biernego oporu;<\/p>\n<p>13) pokonywania czynnego oporu<\/p>\n<p><strong>Po drugie<\/strong>. Jakie \u015brodki przymusu mo\u017cna stosowa\u0107 w ww. przypadkach? Odpowiedzi na to pytanie znajdziecie w art. 14 ust.1, art. 15 ust.1, art.19 ust.1 i art. 24 ust.1 ustawy o \u015brodkach przymusu bezpo\u015bredniego.<\/p>\n<p>Ka\u017cdy z nas ma wyb\u00f3r.<\/p>\n<p>\u201esuwerenka\u201d wyra\u017anie m\u00f3wi na jednym z film\u00f3w, \u017ce obawia si\u0119 o swoje i \u017cycie (r\u00f3wnie\u017c psychiczne) dlatego oczekuje, \u017ce \u201esuweren\u201d wejdzie na przes\u0142uchanie razem z ni\u0105.<\/p>\n<p>Obawia si\u0119 o swoje \u017cycie i zdrowie, czyli obawia si\u0119 pope\u0142nienia przest\u0119pstwa na swoj\u0105 szkod\u0119.<\/p>\n<p><u>Tu\u00a0trzeba wskaza\u0107 na brak logiki wypowiedzi. <\/u><\/p>\n<p>Cz\u0142owiek, kt\u00f3ry obawia si\u0119, \u017ce w miejscu X grozi mu niebezpiecze\u0144stwo, nie wchodzi do niego bezrefleksyjnie, chyba, \u017ce dzia\u0142a w stanie wy\u017cszej konieczno\u015bci (a to ju\u017c pewnej refleksji).<\/p>\n<p>Co za tym powinna zrobi\u0107 \u201esuwerenka\u201d? Oczywi\u015bcie powinna, zrezygnowa\u0107 z wizyty w Stra\u017cy Miejskiej, o\u00a0swoich obawach powiadomi\u0107 organa \u015bcigania, z\u0142o\u017cy\u0107\u00a0 zawiadomienie na Policji i czeka\u0107 na rozw\u00f3j sytuacji, bezwzgl\u0119dnie chroni\u0105c dobro najwy\u017csze, jakim jest \u017cycie i zdrowie ludzkie.<\/p>\n<p>Co tymczasem robi \u201esuwerenka\u201d. Przychodzi jakby nigdy nic do siedziby Stra\u017cy Miejskiej, z \u201esuwerenem\u201d jako obstaw\u0105, telefonem na \u201ekiju\u201d i w\u0142\u0105czon\u0105 rejestracj\u0105 obrazu i d\u017awi\u0119ku.<\/p>\n<p><u>Czym jest takie dzia\u0142anie?<\/u><\/p>\n<p>Domy\u015blam si\u0119, \u017ce co najmniej:<\/p>\n<ol>\n<li>Ch\u0119ci\u0105 sprowokowania stra\u017cnik\u00f3w do niew\u0142a\u015bciwego zachowania wobec niej, by\u0107 mo\u017ce nawet zachowania nosz\u0105cego znamiona przest\u0119pstwa.<\/li>\n<li>Ch\u0119ci\u0105 doprowadzenia (r\u00f3wnie\u017c za pomoc\u0105 \u015brodk\u00f3w masowego przekazu do utraty lub znacznego ograniczenia zaufania potrzebnego dla prowadzonej dzia\u0142alno\u015bci.<\/li>\n<\/ol>\n<p><strong>Art.\u00a0 212\u00a0 Kodeksu karnego<\/strong><\/p>\n<ul>\n<li>1.\u00a0 <u>Kto pomawia<\/u> inn\u0105 osob\u0119, grup\u0119 os\u00f3b, <u>instytucj\u0119, osob\u0119 prawn\u0105 lub jednostk\u0119 organizacyjn\u0105 niemaj\u0105c\u0105 osobowo\u015bci prawnej o takie post\u0119powanie lub w\u0142a\u015bciwo\u015bci, kt\u00f3re mog\u0105 poni\u017cy\u0107 j\u0105 w opinii publicznej lub narazi\u0107 na utrat\u0119 zaufania potrzebnego dla<\/u> danego stanowiska, zawodu lub <u>rodzaju dzia\u0142alno\u015bci<\/u>, podlega grzywnie albo karze ograniczenia wolno\u015bci.<\/li>\n<li>2.\u00a0 Je\u017celi sprawca dopuszcza si\u0119 czynu okre\u015blonego w \u00a7 1 za pomoc\u0105 \u015brodk\u00f3w masowego komunikowania, podlega grzywnie, karze ograniczenia wolno\u015bci albo pozbawienia wolno\u015bci do roku.<\/li>\n<li>3.\u00a0 W razie skazania za przest\u0119pstwo okre\u015blone w \u00a7 1 lub 2 s\u0105d mo\u017ce orzec nawi\u0105zk\u0119 na rzecz pokrzywdzonego, Polskiego Czerwonego Krzy\u017ca albo na inny cel spo\u0142eczny wskazany przez pokrzywdzonego.<\/li>\n<li>4.\u00a0 \u015aciganie przest\u0119pstwa okre\u015blonego w \u00a7 1 lub 2 odbywa si\u0119 z oskar\u017cenia prywatnego.<\/li>\n<\/ul>\n<p>Oczywi\u015bcie jest jeszcze:<\/p>\n<p><strong>Art. 226 Kodeksu karnego<\/strong><\/p>\n<ul>\n<li>1. Kto zniewa\u017ca funkcjonariusza publicznego lub osob\u0119 do pomocy mu przybran\u0105, podczas i\u00a0w\u00a0zwi\u0105zku z pe\u0142nieniem obowi\u0105zk\u00f3w s\u0142u\u017cbowych, podlega grzywnie, karze ograniczenia wolno\u015bci albo pozbawienia wolno\u015bci do roku.<\/li>\n<\/ul>\n<p>Osobi\u015bcie uwa\u017cam, \u017ce w\u0142a\u015bciwszy jest art. 212 kodeksu karnego. Na temat naruszenia nietykalno\u015bci cielesnej funkcjonariuszy nie b\u0119d\u0119 si\u0119 wypowiada\u0142.<\/p>\n<p>Zatem, jedynym wnioskiem z lektury \u201duzupe\u0142nienia\u201d powinno by\u0107 sporz\u0105dzenie zawiadomienia o\u00a0podejrzeniu pope\u0142nienia przest\u0119pstwa znies\u0142awienia. Powinno, bo \u201esuweren\u201d nie tylko nagra\u0142a, ale\u00a0r\u00f3wnie\u017c udost\u0119pni\u0142a nagrany materia\u0142 w Internecie, wywo\u0142uj\u0105c fal\u0119 wyj\u0105tkowo nienawistnych komentarzy, pod adresem stra\u017cnik\u00f3w miejskich.<\/p>\n<p>Tyle.<\/p>\n<p>Je\u017celi b\u0119dziecie zainteresowani, ci\u0105giem dalszym tematu \u201esuweren u bram\u201d dajcie zna\u0107 w komentarzach.<\/p>\n","protected":false},"excerpt":{"rendered":"<p>Pora na ci\u0105g dalszy wywodu, na temat czy ka\u017cdy mo\u017ce wej\u015b\u0107 do budynku u\u017cyteczno\u015bci publicznej i dlaczego nie mo\u017ce. Poprzednia&hellip;<\/p>\n","protected":false},"author":2,"featured_media":453,"comment_status":"closed","ping_status":"closed","sticky":false,"template":"","format":"standard","meta":{"footnotes":""},"categories":[56],"tags":[58,37],"class_list":["post-451","post","type-post","status-publish","format-standard","has-post-thumbnail","hentry","category-opinie","tag-mundur","tag-straz-miejska"],"_links":{"self":[{"href":"https:\/\/pzsmig.pl\/index.php\/wp-json\/wp\/v2\/posts\/451","targetHints":{"allow":["GET"]}}],"collection":[{"href":"https:\/\/pzsmig.pl\/index.php\/wp-json\/wp\/v2\/posts"}],"about":[{"href":"https:\/\/pzsmig.pl\/index.php\/wp-json\/wp\/v2\/types\/post"}],"author":[{"embeddable":true,"href":"https:\/\/pzsmig.pl\/index.php\/wp-json\/wp\/v2\/users\/2"}],"replies":[{"embeddable":true,"href":"https:\/\/pzsmig.pl\/index.php\/wp-json\/wp\/v2\/comments?post=451"}],"version-history":[{"count":1,"href":"https:\/\/pzsmig.pl\/index.php\/wp-json\/wp\/v2\/posts\/451\/revisions"}],"predecessor-version":[{"id":452,"href":"https:\/\/pzsmig.pl\/index.php\/wp-json\/wp\/v2\/posts\/451\/revisions\/452"}],"wp:featuredmedia":[{"embeddable":true,"href":"https:\/\/pzsmig.pl\/index.php\/wp-json\/wp\/v2\/media\/453"}],"wp:attachment":[{"href":"https:\/\/pzsmig.pl\/index.php\/wp-json\/wp\/v2\/media?parent=451"}],"wp:term":[{"taxonomy":"category","embeddable":true,"href":"https:\/\/pzsmig.pl\/index.php\/wp-json\/wp\/v2\/categories?post=451"},{"taxonomy":"post_tag","embeddable":true,"href":"https:\/\/pzsmig.pl\/index.php\/wp-json\/wp\/v2\/tags?post=451"}],"curies":[{"name":"wp","href":"https:\/\/api.w.org\/{rel}","templated":true}]}}