{"id":464,"date":"2022-08-11T16:30:08","date_gmt":"2022-08-11T14:30:08","guid":{"rendered":"https:\/\/pzsmig.pl\/?p=464"},"modified":"2022-08-11T13:29:03","modified_gmt":"2022-08-11T11:29:03","slug":"suweren-u-bram-syndrom-suwerennego-kamerzysty","status":"publish","type":"post","link":"https:\/\/pzsmig.pl\/index.php\/2022\/08\/11\/suweren-u-bram-syndrom-suwerennego-kamerzysty\/","title":{"rendered":"\u201eSuweren u bram\u201d syndrom suwerennego kamerzysty"},"content":{"rendered":"<p><strong>Stra\u017cnicy miejscy to wy\u0142\u0105cznie zwykli obywatele, kt\u00f3rzy pobieraj\u0105 wynagrodzenie za robienie zawodowo tego samego, do czego ka\u017cdy obywatel jest zobowi\u0105zany moralnie, kiedy ma po temu okazj\u0119, w celu utrzymania porz\u0105dku spo\u0142ecznego i przestrzegania prawa.<\/strong><\/p>\n<p>Poniewa\u017c jeste\u015bmy zwyk\u0142ymi obywatelami, musimy wiedzie\u0107 wi\u0119cej, rozumie\u0107 wi\u0119cej by wygrywa\u0107, w s\u0142usznej sprawie ka\u017cd\u0105 \u201epotyczk\u0119\u201d z tym, kt\u00f3rzy chc\u0105 z nieprawo\u015bci uczyni\u0107 cnot\u0119.<\/p>\n<p>Dzi\u015b o szczeg\u00f3lnie niebezpiecznych \u201esuwerenach\u201d o kamerzystach, \u015bci\u015blej o tych, kt\u00f3rzy udaj\u0105 tzw. porz\u0105dnych obywateli, a kamery maj\u0105\u2026 No w\u0142a\u015bnie.<\/p>\n<p>Pod \u201elup\u0105\u201d mamy trzy filmiki z portalu youtube, zwi\u0105zane ze Stra\u017c\u0105 Miejsk\u0105 w \u0141odzi, wszystkie trzy sprzed dw\u00f3ch lat.<\/p>\n<p>Uprzejmie donosz\u0119, cho\u0107 si\u0119 brzydz\u0119, \u017ce m\u00f3j komentarz nie b\u0119dzie dotyczy\u0142 stra\u017cnik\u00f3w miejskich z \u0141odzi, w dowolnym aspekcie ich dzia\u0142ania. Mo\u017ce kiedy\u015b \u00a0przygotuje tak\u0105 analiz\u0119, dzi\u015b tematem naszych rozwa\u017ca\u0144 jest \u201esuweren\u201d.<\/p>\n<p>Ka\u017cdy z nas mo\u017ce trafi\u0107 na \u201esuwerena\u201d i ka\u017cdy powinien <strong>Z<\/strong>auwa\u017cy\u0107-<strong>Z<\/strong>rozumie\u0107-<strong>Z<\/strong>areagowa\u0107 na jego zachowanie.<\/p>\n<p>Spotykamy si\u0119 z lud\u017ami, rozmawiamy z nimi, cz\u0119sto wykonujemy mniej czy bardziej skomplikowane czynno\u015bci s\u0142u\u017cbowe. \u00a0Zanim zaczniemy robi\u0107, to co musimy zrobi\u0107, warto przyjrze\u0107 si\u0119 osobie po drugiej stronie biurka. Jak reaguje na to, co m\u00f3wimy i robimy, jak si\u0119 zachowuje.<\/p>\n<p>Zanim przejd\u0119 dalej, pozwol\u0119 sobie na przypomnienie:<\/p>\n<p><u>Nie ma, wynikaj\u0105cego wprost z obowi\u0105zuj\u0105cego prawa zakazu rejestrowania dzia\u0142ania funkcjonariusza publicznego podczas wykonywania obowi\u0105zk\u00f3w s\u0142u\u017cbowych.<\/u><\/p>\n<p><u>Mo\u017cemy m\u00f3wi\u0107 o zakazie rozpowszechniania wizerunku, ale tu wystarczy prosty zabieg ze strony \u201esuwerennego kamerzysty\u201d \u2013 anonimizacja twarzy i g\u0142osu. Publikacja, dozwolona bez wzgl\u0119du na opini\u0119 filmowanego.<\/u><\/p>\n<p>Wr\u00f3\u0107my do zachowania \u201esuwerena\u201d. Nasz\u0105 uwag\u0119 powinno przyku\u0107 ka\u017cde nietypowe zachowanie. Na przyk\u0142ad, m\u0119\u017cczyzna, kt\u00f3ry ma plecak, na sobie i nie chce go zdj\u0105\u0107 albo torb\u0119 przewieszon\u0105 przez rami\u0119, kt\u00f3r\u0105 trzyma w nienaturalny spos\u00f3b.<\/p>\n<p>Co oznacza \u201enienaturalny spos\u00f3b\u201d? Np. torba trzymana pod pach\u0105, tak aby jej w\u0119\u017csza cz\u0119\u015b\u0107, zawsze by\u0142a skierowana w nasz\u0105 stron\u0105. Nasz rozm\u00f3wca chce sprawia\u0107 wra\u017cenie, \u017ce zachowuje si\u0119 normalnie. Cz\u0119sto jednak zadaje bardzo charakterystyczne pytania. A z czego wynika, \u017ce mo\u017cecie to\u2026 a dlaczego nie dosta\u0142em pouczenia, tylko od razu mandat, bo policjant to mnie pouczy\u0142.<\/p>\n<p>Czerwona lampka powinna si\u0119 zapali\u0107, gdy \u201estandardowe pytania\u201d \u0142\u0105cz\u0105 si\u0119 z niestandardowych zachowaniem naszego rozm\u00f3wcy.<\/p>\n<p>Sp\u00f3jrzcie na zdj\u0119cie poni\u017cej:<\/p>\n<p>&nbsp;<\/p>\n<p><img fetchpriority=\"high\" decoding=\"async\" class=\"wp-image-462 aligncenter\" src=\"http:\/\/pzsmig.pl\/wp-content\/uploads\/2022\/08\/kamerzysta1-300x170.png\" alt=\"\" width=\"371\" height=\"210\" srcset=\"https:\/\/pzsmig.pl\/wp-content\/uploads\/2022\/08\/kamerzysta1-300x170.png 300w, https:\/\/pzsmig.pl\/wp-content\/uploads\/2022\/08\/kamerzysta1-720x405.png 720w, https:\/\/pzsmig.pl\/wp-content\/uploads\/2022\/08\/kamerzysta1.png 736w\" sizes=\"(max-width: 371px) 100vw, 371px\" \/><\/p>\n<p>\u201eSuwerenny kamerzysta\u201d siedzi na krze\u015ble i korzystaj\u0105c z ukrytej kamery, filmuje stra\u017cnika, kt\u00f3ry z nim (w tym momencie) rozmawia.<\/p>\n<p>Ukryt\u0105 kamer\u0105 wskazuje nienaturalny spos\u00f3b kadrowania obrazu. Najprawdopodobniej \u201esuwerenny\u201d obr\u00f3ci\u0142 si\u0119 na krze\u015ble, w stron\u0119 stra\u017cnika a kamer\u0119 ma w torbie, nie ma pe\u0142nej kontroli nad jej po\u0142o\u017ceniem, st\u0105d taki \u201eskr\u0119cony kadr\u201d.<\/p>\n<p>Wi\u0119cej dziwnych uj\u0119\u0107, znajdziecie tu, <a href=\"https:\/\/www.youtube.com\/watch?v=h2GxfTkJqCU\">https:\/\/www.youtube.com\/watch?v=h2GxfTkJqCU<\/a><\/p>\n<p>Takie zachowanie powinno zwr\u00f3ci\u0107 nasz\u0105 uwag\u0119. Co robi\u0107, by tego unikn\u0105\u0107? O tym na ko\u0144cu tego tekstu. Teraz zdj\u0119cie z kolejnego filmiku tego samego \u201esuwerennego kamerzysty\u201d.<\/p>\n<p><img decoding=\"async\" class=\" wp-image-463 aligncenter\" src=\"http:\/\/pzsmig.pl\/wp-content\/uploads\/2022\/08\/kamerzysta_2-300x169.png\" alt=\"\" width=\"399\" height=\"225\" srcset=\"https:\/\/pzsmig.pl\/wp-content\/uploads\/2022\/08\/kamerzysta_2-300x169.png 300w, https:\/\/pzsmig.pl\/wp-content\/uploads\/2022\/08\/kamerzysta_2-720x405.png 720w, https:\/\/pzsmig.pl\/wp-content\/uploads\/2022\/08\/kamerzysta_2.png 746w\" sizes=\"(max-width: 399px) 100vw, 399px\" \/><\/p>\n<p>&nbsp;<\/p>\n<p>Co zwraca uwag\u0119 na tym zdj\u0119ciu? Torba jest nieco ni\u017cej, \u201esuwerenny\u201d filmuje z \u201eperspektywy \u017caby\u201d istotne dla niego, jest to, co m\u00f3wi jego rozm\u00f3wca, a nie jako\u015b\u0107 obrazu, wa\u017cne, \u017ce wida\u0107 twarz i s\u0142ycha\u0107 g\u0142os.<\/p>\n<p>Film z tym kadrem mo\u017cecie znale\u017a\u0107 tu, <a href=\"https:\/\/www.youtube.com\/watch?v=TYuzsafTCLY\">https:\/\/www.youtube.com\/watch?v=TYuzsafTCLY<\/a><\/p>\n<p><u>Podsumowanie<\/u><\/p>\n<p>Kwestia odpowiedzialno\u015bci za rejestracj\u0119 i upublicznienie rozmowy jest do\u015b\u0107 skomplikowana, jedn\u0105 z ciekawszych opinii, w tej sprawie mo\u017cecie znale\u017a\u0107 tu <a href=\"https:\/\/www.karh.pl\/prawo-karne\/czy-nagrywanie-rozmow-jest-karalne\/\">https:\/\/www.karh.pl\/prawo-karne\/czy-nagrywanie-rozmow-jest-karalne\/<\/a><\/p>\n<p>Kwesti\u0105, kt\u00f3r\u0105 mo\u017cna rozwa\u017ca\u0107, jest forma publikacji, brak anonimizacji i tytu\u0142y mog\u0105ce zniewa\u017ca\u0107, znies\u0142awia\u0107 nas w oczach opinii publicznej. Komentarze internaut\u00f3w, to odr\u0119bny problem, do kt\u00f3rego, by\u0107 mo\u017ce wr\u00f3c\u0119.<\/p>\n<p>Patrzcie i reagujcie na to, co dzieje si\u0119 wok\u00f3\u0142 Was. Je\u017celi wasz rozm\u00f3wca dziwnie si\u0119 zachowuje, zwr\u00f3\u0107cie na to uwag\u0119. \u017byczliwie zapytajcie o samopoczucie, zasugerujcie (je\u017celi widzicie co\u015b dziwnego), \u017ce to widzicie i proponujcie zmian\u0119 nastawienia (naszego rozm\u00f3wcy). Sztuka polega na tym, bo \u201esuwerenny\u201d sam zrozumia\u0142, \u017ce my wiemy, \u017ce on wie, \u017ce chce nas nagrywa\u0107.<\/p>\n<p>A je\u017celi nic nie skutkuje, pozostaje to, co trudne bywa \u2013 profesjonalizm w mowie i pi\u015bmie &#x1f60a; &#x1f60a; \u00a0a wszystko b\u0119dzie prostsze i \u0142atwiejsze.<\/p>\n<p>&nbsp;<\/p>\n","protected":false},"excerpt":{"rendered":"<p>Stra\u017cnicy miejscy to wy\u0142\u0105cznie zwykli obywatele, kt\u00f3rzy pobieraj\u0105 wynagrodzenie za robienie zawodowo tego samego, do czego ka\u017cdy obywatel jest zobowi\u0105zany&hellip;<\/p>\n","protected":false},"author":2,"featured_media":461,"comment_status":"closed","ping_status":"closed","sticky":false,"template":"","format":"standard","meta":{"footnotes":""},"categories":[1],"tags":[],"class_list":["post-464","post","type-post","status-publish","format-standard","has-post-thumbnail","hentry","category-bez-kategorii"],"_links":{"self":[{"href":"https:\/\/pzsmig.pl\/index.php\/wp-json\/wp\/v2\/posts\/464","targetHints":{"allow":["GET"]}}],"collection":[{"href":"https:\/\/pzsmig.pl\/index.php\/wp-json\/wp\/v2\/posts"}],"about":[{"href":"https:\/\/pzsmig.pl\/index.php\/wp-json\/wp\/v2\/types\/post"}],"author":[{"embeddable":true,"href":"https:\/\/pzsmig.pl\/index.php\/wp-json\/wp\/v2\/users\/2"}],"replies":[{"embeddable":true,"href":"https:\/\/pzsmig.pl\/index.php\/wp-json\/wp\/v2\/comments?post=464"}],"version-history":[{"count":1,"href":"https:\/\/pzsmig.pl\/index.php\/wp-json\/wp\/v2\/posts\/464\/revisions"}],"predecessor-version":[{"id":465,"href":"https:\/\/pzsmig.pl\/index.php\/wp-json\/wp\/v2\/posts\/464\/revisions\/465"}],"wp:featuredmedia":[{"embeddable":true,"href":"https:\/\/pzsmig.pl\/index.php\/wp-json\/wp\/v2\/media\/461"}],"wp:attachment":[{"href":"https:\/\/pzsmig.pl\/index.php\/wp-json\/wp\/v2\/media?parent=464"}],"wp:term":[{"taxonomy":"category","embeddable":true,"href":"https:\/\/pzsmig.pl\/index.php\/wp-json\/wp\/v2\/categories?post=464"},{"taxonomy":"post_tag","embeddable":true,"href":"https:\/\/pzsmig.pl\/index.php\/wp-json\/wp\/v2\/tags?post=464"}],"curies":[{"name":"wp","href":"https:\/\/api.w.org\/{rel}","templated":true}]}}