{"id":474,"date":"2022-08-28T17:20:11","date_gmt":"2022-08-28T15:20:11","guid":{"rendered":"http:\/\/pzsmig.pl\/?p=474"},"modified":"2022-08-28T17:20:11","modified_gmt":"2022-08-28T15:20:11","slug":"s-n-o-w-reaktywacja","status":"publish","type":"post","link":"https:\/\/pzsmig.pl\/index.php\/2022\/08\/28\/s-n-o-w-reaktywacja\/","title":{"rendered":"S.N.O.W. &#8211; reaktywacja"},"content":{"rendered":"<p class=\"western\" align=\"justify\"><span style=\"font-family: Calibri, sans-serif;\"><b>Czym jest S.N.O.W.? To Syndrom Nabytej Odporno\u015bci (na) Wiedz\u0119 \u2013 S.N.O.W. . Po wielu latach, choroba wr\u00f3ci\u0142a. Kolejni \u201edziennikarze\u201d padaj\u0105 jej ofiar\u0105.<\/b><\/span><\/p>\n<p class=\"western\" align=\"justify\"><span style=\"font-family: Calibri, sans-serif;\">Oto kolejny przyk\u0142ad tekstu autorstwa ofiary S.N.O.W.<\/span><\/p>\n<p class=\"western\" align=\"justify\"><span style=\"color: #000080;\"><span lang=\"zxx\"><u><a href=\"https:\/\/motoryzacja.interia.pl\/przepisy-drogowe\/news-za-co-straz-miejska-moze-wystawic-mandat-kierowcy,nId,6247566?fbclid=IwAR3WHaCuYY5gzP6dslMFvQH_E3bdftQm9eqUs3xPAZmO0u2AbUU0huJeqZM\">https:\/\/motoryzacja.interia.pl\/przepisy-drogowe\/news-za-co-straz-miejska-moze-wystawic-mandat-kierowcy,nId,6247566?fbclid=IwAR3WHaCuYY5gzP6dslMFvQH_E3bdftQm9eqUs3xPAZmO0u2AbUU0huJeqZM<\/a><\/u><\/span><\/span><\/p>\n<p class=\"western\" align=\"justify\"><span style=\"font-family: Calibri, sans-serif;\">Jakie s\u0105 symptomy choroby? Zanim pozwol\u0119 je sobie om\u00f3wi\u0107 i zaproponowa\u0107 terapi\u0119 chcia\u0142bym zwr\u00f3ci\u0107 wasz\u0105 uwag\u0119 na fragment tekstu, kt\u00f3ry tak naprawd\u0119 wszystko t\u0142umaczy:<\/span><\/p>\n<p class=\"western\" align=\"justify\"><span style=\"font-family: Calibri, sans-serif;\"><span style=\"text-decoration: underline;\">Cytat nr 1<\/span> \u201e<\/span><span style=\"color: #222222;\"><span style=\"font-family: Calibri, sans-serif;\"><span style=\"font-size: medium;\">Kwestia mandat\u00f3w od stra\u017cy miejskiej wzbudza du\u017ce poruszenie. <\/span><\/span><\/span><span style=\"color: #222222;\"><span style=\"font-family: Calibri, sans-serif;\"><span style=\"font-size: medium;\"><u>Ludzie nie znaj\u0105 szczeg\u00f3\u0142owo uprawnie\u0144 stra\u017cnik\u00f3w.<\/u><\/span><\/span><\/span><span style=\"color: #222222;\"><span style=\"font-family: Calibri, sans-serif;\"><span style=\"font-size: medium;\"> Dlatego ka\u017cdy uczestnik ruchu drogowego powinien wiedzie\u0107, \u017ce stra\u017c miejska ma prawo do wystawiania mandat\u00f3w. Za co kierowca mo\u017ce zosta\u0107 ukarany?\u201d (podkre\u015blenie w\u0142asne)<\/span><\/span><\/span><span style=\"font-family: Calibri, sans-serif;\">Ludzie nie znaj\u0105 szczeg\u00f3\u0142owo uprawnie\u0144 stra\u017cnik\u00f3w? Ka\u017cdy z nas m\u00f3g\u0142by si\u0119 z tym zgodzi\u0107 niemal natychmiast. A skoro ludzie, to i \u201edziennikarz\u201d, kt\u00f3ry powy\u017cszy \u201etekst\u201d pope\u0142ni\u0142.<\/span><\/p>\n<p class=\"western\" align=\"justify\"><strong><span style=\"font-family: Calibri, sans-serif;\">Ad meritum.<\/span><\/strong><\/p>\n<p class=\"western\" align=\"justify\"><span style=\"font-family: Calibri, sans-serif;\"><span style=\"text-decoration: underline;\">Cytat nr 2<\/span> \u201e<\/span><span style=\"color: #222222;\"><span style=\"font-family: Calibri, sans-serif;\"><span style=\"font-size: medium;\">Od lat funkcjonuje przekonanie, \u017ce stra\u017c miejska nie ma zbyt wielu uprawnie\u0144. Nie jest to prawda. <\/span><\/span><\/span><span style=\"color: #222222;\"><span style=\"font-family: Calibri, sans-serif;\"><span style=\"font-size: medium;\"><u>Odpowiednie akty prawne sprawiaj\u0105, \u017ce mandat od stra\u017cy miejskiej mo\u017cna dosta\u0107 za szereg przewinie\u0144.<\/u><\/span><\/span><\/span><\/p>\n<p class=\"western\" align=\"justify\"><span style=\"color: #222222;\"><span style=\"font-family: Calibri, sans-serif;\"><span style=\"font-size: medium;\"><u>Reguluje to art. 95 \u00a74 kodeksu wykrocze\u0144. Zgodnie z jego tre\u015bci\u0105 odpowiedni minister mo\u017ce wyda\u0107 rozporz\u0105dzenie, kt\u00f3re uprawnia funkcjonariuszy okre\u015blonego organu do nak\u0142adania grzywien.<\/u><\/span><\/span><\/span>Drogi panie \u201edziennikarzu\u201d art. 95 Kodeksu Wykrocze\u0144 sk\u0142ada si\u0119 z jednego zdania i dotyczy wykroczenia polegaj\u0105cego na prowadzeniu pojazdu bez wymaganych dokument\u00f3w.<\/p>\n<p class=\"western\" align=\"justify\">Natomiast kwesti\u0119, o kt\u00f3rej zechce pan pisa\u0107 reguluje art.95 <span style=\"font-family: Liberation Serif, Times New Roman, serif;\">\u00a7<\/span> 4 Kodeksu post\u0119powania w sprawach o wykroczenia.<\/p>\n<p class=\"western\" align=\"justify\">Pomyli\u0107 dwie ustawy? Kiedy publikuje si\u0119 w og\u00f3lnopolskim portalu o wielkich aspiracjach, wypada\u0142oby zna\u0107 takie poj\u0119cie jak \u201eresearch\u201d i tak przy okazji potrafi\u0107 zadawa\u0107 w\u0142a\u015bciwe pytania wyszukiwarce.<\/p>\n<p class=\"western\" align=\"justify\">Ile b\u0142\u0119d\u00f3w dyskwalifikuje tekst o charakterze informacyjnym?<\/p>\n<p class=\"western\" align=\"justify\">Redaktor odpowiedzialny m\u00f3g\u0142by powiedzie\u0107 \u201eb\u0142\u0119d\u00f3w ci u nas pod dostatkiem, ale i te przyjmujemy jako gwarancj\u0119 przysz\u0142ej \u201eklikalno\u015bci\u201d\u201d. Licz\u0119, \u017ce Henryk Sienkiewicz (gdyby \u017cy\u0142) wybaczy\u0142by mi t\u0119 kulaw\u0105 parafraz\u0119.<\/p>\n<p class=\"western\" align=\"justify\"><span style=\"text-decoration: underline;\">Cytat nr 3<\/span> <span style=\"font-family: Calibri, sans-serif;\">\u201e<\/span><span style=\"color: #222222;\"><span style=\"font-family: Calibri, sans-serif;\"><span style=\"font-size: medium;\">Aktualnie obowi\u0105zuje rozporz\u0105dzenie z dnia 17 listopada 2003 roku wydane przez \u00f3wczesnego szefa resortu spraw wewn\u0119trznych. <\/span><\/span><\/span><span style=\"color: #222222;\"><span style=\"font-family: Calibri, sans-serif;\"><span style=\"font-size: medium;\"><u>Na jego mocy stra\u017c miejska mo\u017ce wystawia\u0107 mandaty.<\/u><\/span><\/span><\/span><\/p>\n<p class=\"western\" align=\"justify\">Stawiam koniak przeciwko jogurtowi, \u017ce \u201edziennikarz\u201d, kt\u00f3rego \u201edzie\u0142o\u201d komentuj\u0119, nie czyta\u0142 <span style=\"color: #212529;\">ROZPORZ\u0104DZENIA <\/span><span style=\"color: #212529;\"><span style=\"font-family: Calibri, sans-serif;\"><span style=\"font-size: medium;\">MINISTRA SPRAW WEWN\u0118TRZNYCH I ADMINISTRACJI z dnia 17 listopada 2003 r. <\/span><\/span><\/span><span style=\"color: #212529;\"><span style=\"font-family: Calibri, sans-serif;\"><span style=\"font-size: medium;\">w sprawie wykrocze\u0144, za kt\u00f3re stra\u017cnicy stra\u017cy gminnych s\u0105 uprawnieni do nak\u0142adania grzywien w drodze mandatu karnego, a je\u017celi czyta\u0142, to go nie zrozumia\u0142.<\/span><\/span><\/span><\/p>\n<p class=\"western\" align=\"justify\"><span style=\"font-family: Calibri, sans-serif;\"><span style=\"font-size: medium;\"><span style=\"color: #212529;\">Dlaczego ? Gdyby by\u0142o inaczej, to nie napisa\u0142by, \u017ce na podstawie powy\u017cszego rozporz\u0105dzenia stra\u017cnicy s\u0105 uprawnieni do nak\u0142adania mandat\u00f3w. Nie napisa\u0142by, poniewa\u017c to Rozporz\u0105dzenie okre\u015bla katalog wykrocze\u0144, za kt\u00f3re stra\u017cnicy mog\u0105 nak\u0142ada\u0107 grzywny w drodze mandatu karnego.<\/span><\/span><\/span><\/p>\n<p class=\"western\" align=\"justify\"><span style=\"font-family: Calibri, sans-serif;\"><span style=\"font-size: medium;\"><span style=\"color: #212529;\">Uprawnienia do nak\u0142adania grzywien wynikaj\u0105 z art. 12 ust.1 pkt.4 ustawy o stra\u017cach gminnych.<\/span><\/span><\/span><\/p>\n<p class=\"western\" align=\"justify\"><span style=\"font-family: Calibri, sans-serif;\"><span style=\"font-size: medium;\"><span style=\"color: #212529;\">Czy dwa b\u0142\u0119dy dyskwalifikuj\u0105 tekst? Najwyra\u017aniej nie. <\/span><\/span><\/span><\/p>\n<p class=\"western\" align=\"justify\"><span style=\"text-decoration: underline;\">Cytat nr 4<\/span> <span style=\"font-family: Calibri, sans-serif;\">\u201e<\/span><span style=\"color: #222222;\"><span style=\"font-family: Calibri, sans-serif;\"><span style=\"font-size: medium;\">Lista wykrocze\u0144, za kt\u00f3re stra\u017c miejska mo\u017ce wystawi\u0107 mandat, jest d\u0142uga. <\/span><\/span><\/span><span style=\"color: #222222;\"><span style=\"font-family: Calibri, sans-serif;\"><span style=\"font-size: medium;\"><u>Wiele z\u00a0wyst\u0119pk\u00f3w zawarto w kodeksie wykrocze\u0144.\u201d<\/u><\/span><\/span><\/span><\/p>\n<p class=\"western\" align=\"justify\">Kolejny symptom chorobowy \u2013 mieszanie poj\u0119\u0107.<\/p>\n<p class=\"western\" align=\"justify\">Pytanie retoryczne, czym jest wyst\u0119pek? \u201e<span style=\"color: #202124;\"><span style=\"font-family: Calibri, sans-serif;\"><span style=\"font-size: medium;\">Wyst\u0119pkiem<\/span><\/span><\/span><span style=\"color: #202124;\"><span style=\"font-family: Calibri, sans-serif;\">\u00a0<\/span><\/span><span style=\"color: #202124;\"><span style=\"font-family: Calibri, sans-serif;\"><span style=\"font-size: medium;\">jest czyn zabroniony zagro\u017cony grzywn\u0105 powy\u017cej 30 stawek dziennych albo powy\u017cej 5 000 z\u0142otych, kar\u0105 ograniczenia wolno\u015bci przekraczaj\u0105c\u0105 miesi\u0105c albo kar\u0105 pozbawienia wolno\u015bci przekraczaj\u0105c\u0105 miesi\u0105c.\u201d art. 7 <\/span><\/span><\/span><span style=\"color: #202124;\"><span style=\"font-family: Calibri, sans-serif;\"><span style=\"font-size: medium;\">\u00a7<\/span><\/span><\/span><span style=\"color: #202124;\"><span style=\"font-family: Calibri, sans-serif;\"><span style=\"font-size: medium;\"> 3 Kodeksu Karnego.<\/span><\/span><\/span><br \/>\nCzy Kodeks wykrocze\u0144 zawiera wyst\u0119pki? Nie, kodeks wykrocze\u0144 zawiera wykroczenia. Dla\u00a0przypomnienia. Art 1 kodeksu wykrocze\u0144 \u201e<span style=\"color: #212529;\"><span style=\"font-family: Calibri, sans-serif;\"><span style=\"font-size: medium;\">Odpowiedzialno\u015bci za wykroczenie podlega ten tylko, kto pope\u0142nia <\/span><\/span><\/span><span style=\"color: #212529;\"><span style=\"font-family: Calibri, sans-serif;\"><span style=\"font-size: medium;\"><u>czyn spo\u0142ecznie szkodliwy, zabroniony przez ustaw\u0119 obowi\u0105zuj\u0105c\u0105 w czasie jego pope\u0142nienia pod gro\u017ab\u0105 kary aresztu, ograniczenia wolno\u015bci, grzywny do 5000 z\u0142otych lub nagany.\u201d<\/u><\/span><\/span><\/span><\/p>\n<p class=\"western\" align=\"justify\"><span style=\"color: #212529;\"><span style=\"font-family: Calibri, sans-serif;\"><span style=\"font-size: medium;\">R\u00f3\u017cnice w definicji obu poj\u0119\u0107 a\u017c bij\u0105 po oczach.<\/span><\/span><\/span><\/p>\n<p class=\"western\" align=\"justify\"><span style=\"color: #212529;\"><span style=\"font-family: Calibri, sans-serif;\"><span style=\"font-size: medium;\">Czy trzy b\u0142\u0119dy dyskwalifikuj\u0105 tekst? Nic podobnego, przynajmniej w oczach odpowiedzialnego za\u00a0publikacj\u0119.<\/span><\/span><\/span><\/p>\n<p class=\"western\" align=\"justify\"><span style=\"color: #212529;\"><span style=\"font-family: Calibri, sans-serif;\"><span style=\"font-size: medium;\">Czy w tekstach poradnikowych mo\u017cna sobie pozwoli\u0107 na dowolno\u015b\u0107 u\u017cywanych poj\u0119\u0107? Moim zdaniem to niedopuszczalne. Proponuje cytat nr 5.<\/span><\/span><\/span><\/p>\n<p class=\"western\" align=\"justify\"><span style=\"color: #212529;\">\u201e<\/span><span style=\"color: #222222;\"><span style=\"font-family: Calibri, sans-serif;\"><span style=\"font-size: medium;\">W\u015br\u00f3d nich (tych czyn\u00f3w zabronionych) zdecydowanie <\/span><\/span><\/span><span style=\"color: #222222;\"><span style=\"font-family: Calibri, sans-serif;\"><span style=\"font-size: medium;\"><u>najcz\u0119stsze s\u0105 zg\u0142oszenia<\/u><\/span><\/span><\/span><span style=\"color: #222222;\"><span style=\"font-family: Calibri, sans-serif;\"><span style=\"font-size: medium;\"> zwi\u0105zane z\u00a0nieprawid\u0142owym zachowaniem uczestnik\u00f3w ruchu drogowego. (dopisek i podkre\u015blenia w\u0142asne)<\/span><\/span><\/span><\/p>\n<p class=\"western\" align=\"justify\"><span style=\"color: #222222;\"><span style=\"font-family: Calibri, sans-serif;\"><span style=\"font-size: medium;\">Zg\u0142oszenie nieprawid\u0142owego zachowania w dowolnym zakresie nie stanowi czynu zabronionego, chyba \u017ce jest zg\u0142oszeniem fa\u0142szywym. To powinien rozumie\u0107 ka\u017cdy, to w miar\u0119 poprawnie pos\u0142uguje si\u0119 j\u0119zykiem polskim w mowie i pi\u015bmie.<\/span><\/span><\/span><\/p>\n<p class=\"western\" align=\"justify\"><span style=\"color: #222222;\"><span style=\"font-family: Calibri, sans-serif;\"><span style=\"font-size: medium;\">Czy cztery b\u0142\u0119dy\u2026?<\/span><\/span><\/span><\/p>\n<p class=\"western\" align=\"justify\"><span style=\"text-decoration: underline;\"><span style=\"color: #222222; text-decoration: underline;\"><span style=\"font-family: Calibri, sans-serif;\"><span style=\"font-size: medium;\">Cytat nr 6.<\/span><\/span><\/span><\/span><\/p>\n<p class=\"western\" align=\"justify\"><span style=\"color: #222222;\">\u201e<span style=\"font-family: Calibri, sans-serif;\"><span style=\"font-size: medium;\">Warto na przyk\u0142ad wiedzie\u0107, \u017ce w 2016 roku stra\u017c miejska straci\u0142a cz\u0119\u015b\u0107 uprawnie\u0144. Mowa tu o mo\u017cliwo\u015bci wystawienia mandatu za przekroczenie pr\u0119dko\u015bci zarejestrowane za pomoc\u0105 mobilnego fotoradaru. <\/span><\/span><\/span><span style=\"color: #222222;\"><span style=\"font-family: Calibri, sans-serif;\"><span style=\"font-size: medium;\"><u>Po wielu skargach Najwy\u017csza Izba Kontroli odebra\u0142a to prawo funkcjonariuszom z powodu wielu nadu\u017cy\u0107 i niejasno\u015bci.\u201d<\/u><\/span><\/span><\/span><span style=\"color: #222222;\"><span style=\"font-family: Calibri, sans-serif;\"><span style=\"font-size: medium;\"> (podkre\u015blenie w\u0142asne)<\/span><\/span><\/span><\/p>\n<p class=\"western\" align=\"justify\"><span style=\"color: #222222;\"><span style=\"font-family: Calibri, sans-serif;\"><span style=\"font-size: medium;\">To ju\u017c nie jest kwestia prostego b\u0142\u0119du, to nieznajomo\u015b\u0107 podstaw systemu prawnego RP i przy okazji luki w wiedzy historycznej.<\/span><\/span><\/span><\/p>\n<p class=\"western\" align=\"justify\"><span style=\"color: #222222;\"><span style=\"font-family: Calibri, sans-serif;\"><span style=\"font-size: medium;\">Najwy\u017csza Izba Kontroli nie ma i nigdy nie mia\u0142a uprawnie\u0144 ustawodawczych. Zmiany uprawnie\u0144 stra\u017cy gminnych\/miejskich dokona\u0142 Sejm i Senat RP, a Prezydent RP te zmiany zatwierdzi\u0142. Przedmiotowego raportu NIK, szczeg\u00f3lnie w jego warstwie merytorycznej omawia\u0142 nie b\u0119d\u0119. Nie b\u0119d\u0119, poniewa\u017c ju\u017c kiedy\u015b to zrobi\u0142em. Od tamtego czasu, nic w mojej opinii si\u0119 nie zmieni\u0142o. <\/span><\/span><\/span><\/p>\n<p class=\"western\" align=\"justify\"><span style=\"color: #222222;\"><span style=\"font-family: Calibri, sans-serif;\"><span style=\"font-size: medium;\">Pi\u0119\u0107 b\u0142\u0119d\u00f3w w jednym tek\u015bcie? To dzieje si\u0119 naprawd\u0119? <\/span><\/span><\/span><\/p>\n<p class=\"western\" align=\"justify\"><span style=\"text-decoration: underline;\"><span style=\"color: #222222; text-decoration: underline;\"><span style=\"font-family: Calibri, sans-serif;\"><span style=\"font-size: medium;\">I jeszcze jeden cytat, tak niemal na koniec.<\/span><\/span><\/span><\/span><\/p>\n<p class=\"western\" align=\"justify\"><span style=\"color: #222222;\">\u201e<\/span><span style=\"color: #222222;\"><span style=\"font-family: Calibri, sans-serif;\"><span style=\"font-size: medium;\"><u>Zap\u0142at\u0119 za mandat od stra\u017cy miejskiej uiszcza si\u0119 zwykle przez internet, wp\u0142acaj\u0105c nale\u017cno\u015b\u0107 na rachunek bankowy w\u0142a\u015bciwego urz\u0119du wojew\u00f3dzkiego lub urz\u0119du miasta<\/u><\/span><\/span><\/span><span style=\"color: #222222;\"><span style=\"font-family: Calibri, sans-serif;\"><span style=\"font-size: medium;\">. Numer konta zawsze umieszczony jest na odcinku A i B mandatu. <\/span><\/span><\/span><span style=\"color: #222222;\"><span style=\"font-family: Calibri, sans-serif;\"><span style=\"font-size: medium;\"><u>Mo\u017cna te\u017c zap\u0142aci\u0107 osobi\u015bcie w regionalnych kasach stra\u017cy miejskiej.\u201d<\/u> (podkre\u015blenie w\u0142asne)<\/span><\/span><\/span><\/p>\n<p class=\"western\" align=\"justify\"><span style=\"color: #222222;\"><span style=\"font-family: Calibri, sans-serif;\"><span style=\"font-size: medium;\">Kwoty z grzywien na\u0142o\u017conych przez stra\u017cnik\u00f3w miejskich dokonuje si\u0119 na rachunek w\u0142a\u015bciwego urz\u0119du gminy, a nie urz\u0119du wojew\u00f3dzkiego. Regionalne kasy stra\u017cy miejskiej? Taki tw\u00f3r istnieje wy\u0142\u0105cznie w wyobra\u017ani, anonimowego, autora tekstu o \u201euprawnieniach\u201d stra\u017cy gminnych wobec kieruj\u0105cych. <\/span><\/span><\/span><\/p>\n<p class=\"western\" align=\"justify\"><span style=\"color: #222222;\"><span style=\"font-family: Calibri, sans-serif;\"><span style=\"font-size: medium;\">Reasumuj\u0105c. Siedem b\u0142\u0119d\u00f3w merytorycznych. SIEDEM, Panie i Panowie.<\/span><\/span><\/span><\/p>\n<p class=\"western\" align=\"justify\"><span style=\"color: #222222;\"><span style=\"font-family: Calibri, sans-serif;\"><span style=\"font-size: medium;\">Tekst \u201eZa co stra\u017c miejska mo\u017ce wystawi\u0107 mandat kierowcy ?\u201d napisa\u0142 zawodowy dziennikarz? Je\u017celi kto\u015b z Was chce odpowiedzi na to pytanie, sam musi j\u0105 znale\u017a\u0107. <\/span><\/span><\/span><\/p>\n<p class=\"western\" align=\"justify\"><span style=\"color: #222222;\"><u>\u201e<span style=\"font-family: Calibri, sans-serif;\"><span style=\"font-size: medium;\">Ludzie nie znaj\u0105 szczeg\u00f3\u0142owo uprawnie\u0144 stra\u017cnik\u00f3w.\u201d<\/span><\/span><\/u><\/span><\/p>\n<p class=\"western\" align=\"justify\"><span style=\"color: #222222;\"><span style=\"font-family: Calibri, sans-serif;\"><span style=\"font-size: medium;\">Jaka kuracja jest, w tym przypadku odpowiednia?<\/span><\/span><\/span><\/p>\n<p class=\"western\" align=\"justify\"><span style=\"color: #222222;\"><span style=\"font-family: Calibri, sans-serif;\"><span style=\"font-size: medium;\">Skoro autor komentowanego tekstu sam (nieco nie\u015bwiadomie) przyznaje, \u017ce nie zna uprawnie\u0144 stra\u017cnik\u00f3w, to jedynym lekarstwem jest edukacja.<\/span><\/span><\/span><\/p>\n<p class=\"western\" align=\"justify\"><span style=\"color: #222222;\"><span style=\"font-family: Calibri, sans-serif;\"><span style=\"font-size: medium;\">Trzeba wci\u0105\u017c pisa\u0107 i m\u00f3wi\u0107 o tym, co wa\u017cne. O tym, co mamy prawo robi\u0107, na jakie podstawie prawnej i dlaczego.<\/span><\/span><\/span><\/p>\n<p class=\"western\" align=\"justify\"><span style=\"color: #222222;\"><span style=\"font-family: Calibri, sans-serif;\"><span style=\"font-size: medium;\">Nale\u017cy wykorzystywa\u0107 do tego ka\u017cdy dost\u0119pny kana\u0142 komunikacyjny. Rzeczowo i sprawnie technicznie.<\/span><\/span><\/span><\/p>\n<p class=\"western\" align=\"justify\"><span style=\"color: #222222;\"><span style=\"font-family: Calibri, sans-serif;\"><span style=\"font-size: medium;\">Je\u017celi nie b\u0119dziemy tego robi\u0107, wr\u00f3c\u0105 czasy, gdy \u201egwiazdki\u201d w typie Emila R. b\u0119d\u0105 przekonywa\u0107, \u017ce\u00a0to my jeste\u015bmy winni temu, \u017ce ludzie \u0142ami\u0105 zasady. To b\u0119dzie koniec wszystkiego, co warte jest walki.<\/span><\/span><\/span><\/p>\n<p class=\"western\" align=\"justify\"><span style=\"color: #222222;\"><span style=\"font-family: Calibri, sans-serif;\"><span style=\"font-size: medium;\">ps.<\/span><\/span><\/span><\/p>\n<p class=\"western\" align=\"justify\"><span style=\"color: #222222;\"><span style=\"font-family: Calibri, sans-serif;\"><span style=\"font-size: medium;\">Je\u017celi, kto\u015b z Was my\u015bli, \u017ce nie zauwa\u017cy\u0142em kolejnego b\u0142\u0119du, jakim jest nieprawid\u0142owe u\u017cycie okre\u015blenia \u201estra\u017c miejska\u201d, to jest w b\u0142\u0119dzie.<\/span><\/span><\/span><\/p>\n<p class=\"western\" align=\"justify\"><span style=\"color: #222222;\"><span style=\"font-family: Calibri, sans-serif;\"><span style=\"font-size: medium;\">Piotr Ichniowski <\/span><\/span><\/span><\/p>\n<p class=\"western\" align=\"justify\"><span style=\"color: #222222;\"><span style=\"font-family: Calibri, sans-serif;\"><span style=\"font-size: medium;\">foto: pixabay.com<\/span><\/span><\/span><\/p>\n","protected":false},"excerpt":{"rendered":"<p>Czym jest S.N.O.W.? To Syndrom Nabytej Odporno\u015bci (na) Wiedz\u0119 \u2013 S.N.O.W. . Po wielu latach, choroba wr\u00f3ci\u0142a. Kolejni \u201edziennikarze\u201d padaj\u0105&hellip;<\/p>\n","protected":false},"author":2,"featured_media":473,"comment_status":"closed","ping_status":"closed","sticky":false,"template":"","format":"standard","meta":{"footnotes":""},"categories":[2,56],"tags":[],"class_list":["post-474","post","type-post","status-publish","format-standard","has-post-thumbnail","hentry","category-aktualnosci","category-opinie"],"_links":{"self":[{"href":"https:\/\/pzsmig.pl\/index.php\/wp-json\/wp\/v2\/posts\/474","targetHints":{"allow":["GET"]}}],"collection":[{"href":"https:\/\/pzsmig.pl\/index.php\/wp-json\/wp\/v2\/posts"}],"about":[{"href":"https:\/\/pzsmig.pl\/index.php\/wp-json\/wp\/v2\/types\/post"}],"author":[{"embeddable":true,"href":"https:\/\/pzsmig.pl\/index.php\/wp-json\/wp\/v2\/users\/2"}],"replies":[{"embeddable":true,"href":"https:\/\/pzsmig.pl\/index.php\/wp-json\/wp\/v2\/comments?post=474"}],"version-history":[{"count":2,"href":"https:\/\/pzsmig.pl\/index.php\/wp-json\/wp\/v2\/posts\/474\/revisions"}],"predecessor-version":[{"id":476,"href":"https:\/\/pzsmig.pl\/index.php\/wp-json\/wp\/v2\/posts\/474\/revisions\/476"}],"wp:featuredmedia":[{"embeddable":true,"href":"https:\/\/pzsmig.pl\/index.php\/wp-json\/wp\/v2\/media\/473"}],"wp:attachment":[{"href":"https:\/\/pzsmig.pl\/index.php\/wp-json\/wp\/v2\/media?parent=474"}],"wp:term":[{"taxonomy":"category","embeddable":true,"href":"https:\/\/pzsmig.pl\/index.php\/wp-json\/wp\/v2\/categories?post=474"},{"taxonomy":"post_tag","embeddable":true,"href":"https:\/\/pzsmig.pl\/index.php\/wp-json\/wp\/v2\/tags?post=474"}],"curies":[{"name":"wp","href":"https:\/\/api.w.org\/{rel}","templated":true}]}}