{"id":582,"date":"2024-03-06T09:34:40","date_gmt":"2024-03-06T08:34:40","guid":{"rendered":"http:\/\/pzsmig.pl\/?p=582"},"modified":"2024-03-06T09:34:40","modified_gmt":"2024-03-06T08:34:40","slug":"10-powodow-dla-ktorych-ludzie-chca-zlikwidowania-strazy-miejskich-powrot-po-latach","status":"publish","type":"post","link":"https:\/\/pzsmig.pl\/index.php\/2024\/03\/06\/10-powodow-dla-ktorych-ludzie-chca-zlikwidowania-strazy-miejskich-powrot-po-latach\/","title":{"rendered":"\u201e10 powod\u00f3w dla kt\u00f3rych ludzie chc\u0105 zlikwidowania stra\u017cy miejskich\u201d powr\u00f3t po latach"},"content":{"rendered":"<p><strong>\u201e10 powod\u00f3w dla kt\u00f3rych ludzie chc\u0105 zlikwidowania stra\u017cy miejskich\u201d powr\u00f3t po latach<\/strong><\/p>\n<p>Zaskakuj\u0105ce, dla mnie, mimo wszystko, jest to jak d\u0142ugo w przestrzeni publicznej trwaj\u0105 niekt\u00f3re z moich wypowiedzi.<\/p>\n<p>Ostatnio, niejako przez przypadek, trafi\u0142em pod adresem\u00a0 <a href=\"https:\/\/www.sm.szczecin.pl\/aktualnosci\/z-forum-w-obronie-strazy-miejskiej\">https:\/\/www.sm.szczecin.pl\/aktualnosci\/z-forum-w-obronie-strazy-miejskiej<\/a> na tekst z przed ponad 12 lat.<\/p>\n<p>Opublikowany na nie istniej\u0105cej w \u00f3wczesnej formie witrynie internetowej Stowarzyszenia Krajowa Rady Komendant\u00f3w Stra\u017cy Miejskich i Gminnych.<\/p>\n<p><em><strong>To podstawowe tezy, z\u00a0 kr\u00f3tkimi komentarzami odnosz\u0105cymi si\u0119 do wsp\u00f3\u0142czesno\u015bci.<\/strong><\/em><\/p>\n<p><strong>&#8222;Oto 10 \u201epowod\u00f3w\u201d dla kt\u00f3rych, r\u00f3\u017cni ludzie chc\u0105 zlikwidowania stra\u017cy miejskich:<\/strong><\/p>\n<p><strong><u>Niezrozumienie, zakresu zada\u0144 wynikaj\u0105cych z ustawy o stra\u017cach gminnych<\/u><\/strong> \u2013 stra\u017c gminna\/miejska powo\u0142ana jest do ochrony porz\u0105dku publicznego a nie \u2013 bezpiecze\u0144stwa publicznego.<\/p>\n<p><em><strong>Niezrozumienie, najcz\u0119\u015bciej wi\u0105za\u0142o si\u0119 (i wi\u0105\u017ce nadal) z brakiem wiedzy na temat tego co robi stra\u017c miejska w <\/strong><\/em><em><strong>konkretnym mie\u015bcie. <\/strong><\/em><\/p>\n<p><em><strong>Od wielu lat wyznaje w tej kwestii jedn\u0105 zasad\u0119 \u201eludzie maj\u0105 prawo wiedzie\u0107 nie tylko co robi\u0105 stra\u017cnicy miejscy ale r\u00f3wnie\u017c (a mo\u017ce przede wszystkim) dlaczego to robi\u0105\u201d. <\/strong><\/em><\/p>\n<p><em><strong>Tu jest zdecydowanie lepiej ni\u017c przed ponad dekad\u0105, wiele jednostek ma swoje witryny internetowe, r\u00f3wnie du\u017co (mo\u017ce wi\u0119cej) swoje strony w mediach spo\u0142eczno\u015bciowych. Informuj\u0105 o swoich dzia\u0142aniach, wskazuj\u0105 na bezpieczny styl zachowania w miejscach publicznych, Cz\u0119sto wspieraj\u0105 lokalne inicjatywy na rzecz poprawy bezpiecze\u0144stwa i porz\u0105dku publicznego. To dobra droga.<\/strong> <\/em><\/p>\n<p><strong><u>Uto\u017csamianie stra\u017cnik\u00f3w, ich dzia\u0142ania, z decyzjami podejmowanymi na zupe\u0142nie innym szczeblu<\/u><\/strong>. Chcia\u0142bym wyra\u017anie zaznaczy\u0107, \u017ce komendant stra\u017cy miejskiej\/gminnej wykonuje polecenia prze\u0142o\u017conego \u2013 W\u00f3jta, Burmistrza, Prezydenta Miasta i o ile s\u0105 one zgodne z prawem, nie ma podstaw do ich kwestionowania. (\u2026) Pretensje prosz\u0119 kierowa\u0107 pod adresem tw\u00f3rc\u00f3w prawa a nie stra\u017cnik\u00f3w miejskich.<\/p>\n<p><em>Mit niestety ci\u0105gle istniej\u0105cy a ja podtrzymuj\u0119 swoj\u0105 opini\u0119, w tej kwestii. <strong><u>Pretensje prosz\u0119 kierowa\u0107 pod adresem tw\u00f3rc\u00f3w prawa<\/u><\/strong><u> a nie stra\u017cnik\u00f3w miejskich<\/u>.<\/em><\/p>\n<p><strong><u>Tworzenia jednostek stra\u017cy, kt\u00f3re s\u0105 dysfukcjonalne<\/u><\/strong> \u2013 znam wiele przypadk\u00f3w w Polsce funkcjonowania stra\u017cy w sk\u0142adzie dwu, trzy osobowym. Taka stra\u017c nie jest w stanie wykonywa\u0107 ustawowych zada\u0144, bez wzgl\u0119du na stopie\u0144 zaanga\u017cowania stra\u017cnik\u00f3w.<\/p>\n<p><strong><em>By\u0142o, min\u0119\u0142o, Nie ma fotoradar\u00f3w, nie ma pokusy tworzenia jednostek \u201especjalistycznych\u201d do obs\u0142ugi automatycznych urz\u0105dze\u0144 rejestruj\u0105cych naruszenia przepis\u00f3w, w ruchu drogowym. Za to coraz wi\u0119cej jednostek stra\u017cy gminnych\/miejskich podejmuje dzia\u0142ania zwi\u0105zane z ekologi\u0105. To doskonale inicjatywy, kt\u00f3re mog\u0105 przynie\u015b\u0107 tylko du\u017co dobrego.<\/em><\/strong><\/p>\n<p><strong><u>Przekazywanie stra\u017cy niepopularnych zada\u0144, uprawnie\u0144<\/u><\/strong> \u2013 kt\u00f3re w perspektywie tworz\u0105 z\u0142y wizerunek, najprostszy przyk\u0142ad to fotoradary \u2013 jako \u015brodowisko nigdy nie zabiegali\u015bmy o prawo u\u017cywania fotoradar\u00f3w, dostali\u015bmy je \u201ez ca\u0142ym dobrodziejstwem inwentarza\u201d jako element rz\u0105dowego programu \u201eRazem Bezpieczniej\u201d.<\/p>\n<p><strong><em>Odk\u0105d stracili\u015bmy uprawnienia do u\u017cywania \u201efotoradar\u00f3w\u201d w zasadzie mit upad\u0142. Mamy nowe uprawnienia, ale dotychczas nikt nie reagowa\u0142 tak histerycznie i nienawistnie jak w przypadku ww. urz\u0105dze\u0144.<\/em><\/strong><\/p>\n<p><u><strong>Tworzenie mitu \u201estra\u017c miejska \u0142upie kierowc\u00f3w\u201d <\/strong><\/u><strong>&#8211;<\/strong> wykreowanego przez dziennikarzy, podtrzymywanego przez niekt\u00f3rych polityk\u00f3w, tymczasem trzeba jasno powiedzie\u0107, \u017ce myli si\u0119 tu skutek z przyczyn\u0105. To ludzie \u0142ami\u0105 przepisy obowi\u0105zuj\u0105cego kodeksu ruchu drogowego, a stra\u017cnicy egzekwuj\u0105 ich przestrzeganie.<\/p>\n<p><em>To mit wyj\u0105tkowo niesprawiedliwy, krzywdz\u0105cy, w swej naturze.<\/em><\/p>\n<p><em>Niedawno w przepastnych czelu\u015bciach internetu znalaz\u0142em dokument, kt\u00f3rego by\u0142em redaktorem i autorem wst\u0119pu i zako\u0144czenia<\/em><em>. <\/em><\/p>\n<p><em>Napisa\u0142em wtedy \u201e<strong>Nasz\u0105 podstawow\u0105 misj\u0105 jest zapobieganie naruszeniom porz\u0105dku publicznego.<\/strong>(\u2026) <strong>Pomagamy potrzebuj\u0105cym, kiedy to jest potrzebne. Stanowczo egzekwujemy obowi\u0105zuj\u0105ce prawo, bo to jest w\u0142a\u015bciwe post\u0119powanie<\/strong>\u201d (podkre\u015blenia w\u0142asne)<\/em><strong>.<em> Podtrzymuje te s\u0142owa z ca\u0142\u0105 stanowczo\u015bci\u0105.<\/em><\/strong><\/p>\n<p><strong><u>Unikania przez inne s\u0142u\u017cby niepopularnych dzia\u0142a\u0144<\/u> <\/strong>\u2013 wr\u00f3\u0107my na chwil\u0119 do fotoradar\u00f3w, skoro w niekt\u00f3rych gminach wojew\u00f3dztwa zachodniopomorskiego dochodzi do 50 \u2013 60 tysi\u0119cy wykrocze\u0144 polegaj\u0105cych na przekroczeniu pr\u0119dko\u015bci to co to oznacza ?<\/p>\n<p><strong><em>By\u0142o, min\u0119\u0142o, s\u0142u\u017cby dosz\u0142y do porozumienia i syndrom kelnera (to nie ja, to kolegi sprawa) przesta\u0142 w spos\u00f3b dokuczliwy pojawia\u0107 si\u0119 w przestrzeni wsp\u00f3\u0142pracy.<\/em><\/strong><\/p>\n<p><u><strong>Kreowanie przez media wizerunku stra\u017cnika \u2013 bandyty, \u0142upie\u017ccy itp<\/strong>.<\/u> &#8211; je\u017celi tylko da media pisz\u0105 wy\u0142\u0105cznie o tym co z\u0142e w stra\u017cach, o przest\u0119pcach w mundurach, o aferach, \u0142amaniu prawa itp. przyk\u0142ad \u2013 kampania medialna w mediach polski po\u0142udniowej, kt\u00f3ra doprowadzi\u0142a do dymisji Komendanta Stra\u017cy Miejskiej Miasta Krakowa.<\/p>\n<p><em><strong>To mit r\u00f3wnie krzywdz\u0105cy, jak mit nr 5. I jak to mit nie maj\u0105cy nic wsp\u00f3lnego z rzeczywisto\u015bci\u0105. Oczywi\u015bcie i w\u015br\u00f3d nas zdarzaj\u0105 si\u0119 czarne owce. Moim zdaniem, powinny by\u0107 eliminowane ze \u015brodowiska (oczywi\u015bcie po prawomocnym wyroku s\u0105du) a<\/strong> <\/em><\/p>\n<p><u>Unikanie informacji o tym co dobrego robi\u0105 stra\u017ce miejskie<\/u> &#8211; media og\u00f3lnopolskie unikaj\u0105 pisania dobrze o stra\u017cnikach, bo wtedy zawali\u0142 by si\u0119 kreowany wizerunek, a przecie\u017c mo\u017cna by wiele dobrego powiedzie\u0107, od ma\u0142ych spraw \u2013 rozwi\u0105zywania lokalnych problem\u00f3w z oznakowaniem drogowym, wsparciem dla organizacji wolnego czasu m\u0142odych ludzi, przez dzia\u0142ania w nadzwyczajnych zagro\u017ceniach.<\/p>\n<p><strong>T<u>worzenie mitu \u201estra\u017ce bez fotoradar\u00f3w nie maj\u0105 sensu istnienia\u201d<\/u><\/strong>, a \u201emy za fotoradary umiera\u0107 nie b\u0119dziemy\u201d &#8211; ch\u0119tnie zamienimy te uprawnienia na inne, kt\u00f3rych brak znacznie utrudnia rozwi\u0105zywanie problem\u00f3w zg\u0142aszanych przez mieszka\u0144c\u00f3w naszych miast.<\/p>\n<p><strong><em>Ten mit od wielu lat jest nieaktualny, co prawda prze\u017cyli\u015bmy, w ca\u0142ym kraju, fal\u0119 likwidacji jednostek stra\u017cy, ale dzi\u015b ten mit zdecydowanie nale\u017cy do przesz\u0142o\u015bci. Stra\u017ce istniej\u0105 i nic nie wskazuje na to by ten stan rzeczy mia\u0142 ulec zmianie.\u00a0 <\/em><\/strong><\/p>\n<p><u><strong>Tworzenie nieprzemy\u015blanych, nie przystaj\u0105cych do rzeczywisto\u015bci, inicjatyw zmian praw<\/strong>a<\/u> \u2013 cho\u0107by, fatalnie przygotowana, w spos\u00f3b nie przemy\u015blany reklamowana sprawa \u2013 budowy policji municypalnej na bazie najwi\u0119kszych stra\u017cy miejskich w Polsce, \u017ale przys\u0142u\u017cy\u0142a si\u0119 i tak nie najlepszemu wizerunkowi stra\u017cy.<\/p>\n<p><strong><em>Na szcz\u0119\u015bcie, moim zdaniem ten etap mamy ju\u017c daaaleko za sob\u0105 i oby tak zosta\u0142o.<\/em><\/strong><\/p>\n<p>&nbsp;<\/p>\n<p>&nbsp;<\/p>\n<p>&nbsp;<\/p>\n<p><strong>Post Scriptum<\/strong><\/p>\n<p>Oczywi\u015bcie, ka\u017cdy z nas mo\u017ce wymieni\u0107 wiele powod\u00f3w, dla kt\u00f3rych ludzie chc\u0105 zlikwidowania stra\u017cy miejskich. Ja r\u00f3wnie\u017c m\u00f3g\u0142bym je d\u0142ugo wymienia\u0107, ale cel tej publikacji jest inny, chcia\u0142bym nam\u00f3wi\u0107 was do dyskusji&#8230;<\/p>\n<p>O czym? Cho\u0107by o tym:<\/p>\n<p>1. dok\u0105d zmierzamy?<\/p>\n<p>2. jakich zmian oczekujemy?<\/p>\n<p>3. co zrobi\u0107 by ludzie przestali my\u015ble\u0107 o likwidacji Stra\u017cy Miejskiej jako formacji i jako poszczeg\u00f3lnych jej jednostek?<\/p>\n<p>i prosz\u0119, zostawmy na boku sprawy oczywiste &#8230; cho\u0107by emerytury&#8230;<\/p>\n<p>ale to tylko, moje propozycje.<\/p>\n<p>&nbsp;<\/p>\n<p>&nbsp;<\/p>\n<p>Piotr Ichniowski, stra\u017cnik miejski, cz\u0142onek Polskiego Zwi\u0105zku Stra\u017cy Miejskich i Gminnych<\/p>\n<p>&nbsp;<\/p>\n<p>&nbsp;<\/p>\n<p>&nbsp;<\/p>\n","protected":false},"excerpt":{"rendered":"<p>\u201e10 powod\u00f3w dla kt\u00f3rych ludzie chc\u0105 zlikwidowania stra\u017cy miejskich\u201d powr\u00f3t po latach Zaskakuj\u0105ce, dla mnie, mimo wszystko, jest to jak&hellip;<\/p>\n","protected":false},"author":2,"featured_media":588,"comment_status":"closed","ping_status":"closed","sticky":false,"template":"","format":"standard","meta":{"footnotes":""},"categories":[56,82],"tags":[58,85,37,38,79],"class_list":["post-582","post","type-post","status-publish","format-standard","has-post-thumbnail","hentry","category-opinie","category-opinie-2","tag-mundur","tag-opnie","tag-straz-miejska","tag-straznicy-miejscy","tag-straznik-miejski"],"_links":{"self":[{"href":"https:\/\/pzsmig.pl\/index.php\/wp-json\/wp\/v2\/posts\/582","targetHints":{"allow":["GET"]}}],"collection":[{"href":"https:\/\/pzsmig.pl\/index.php\/wp-json\/wp\/v2\/posts"}],"about":[{"href":"https:\/\/pzsmig.pl\/index.php\/wp-json\/wp\/v2\/types\/post"}],"author":[{"embeddable":true,"href":"https:\/\/pzsmig.pl\/index.php\/wp-json\/wp\/v2\/users\/2"}],"replies":[{"embeddable":true,"href":"https:\/\/pzsmig.pl\/index.php\/wp-json\/wp\/v2\/comments?post=582"}],"version-history":[{"count":7,"href":"https:\/\/pzsmig.pl\/index.php\/wp-json\/wp\/v2\/posts\/582\/revisions"}],"predecessor-version":[{"id":616,"href":"https:\/\/pzsmig.pl\/index.php\/wp-json\/wp\/v2\/posts\/582\/revisions\/616"}],"wp:featuredmedia":[{"embeddable":true,"href":"https:\/\/pzsmig.pl\/index.php\/wp-json\/wp\/v2\/media\/588"}],"wp:attachment":[{"href":"https:\/\/pzsmig.pl\/index.php\/wp-json\/wp\/v2\/media?parent=582"}],"wp:term":[{"taxonomy":"category","embeddable":true,"href":"https:\/\/pzsmig.pl\/index.php\/wp-json\/wp\/v2\/categories?post=582"},{"taxonomy":"post_tag","embeddable":true,"href":"https:\/\/pzsmig.pl\/index.php\/wp-json\/wp\/v2\/tags?post=582"}],"curies":[{"name":"wp","href":"https:\/\/api.w.org\/{rel}","templated":true}]}}