{"id":644,"date":"2024-04-16T15:23:04","date_gmt":"2024-04-16T13:23:04","guid":{"rendered":"http:\/\/pzsmig.pl\/?p=644"},"modified":"2024-04-16T15:25:16","modified_gmt":"2024-04-16T13:25:16","slug":"czy-funkcjonariusz-publiczny-powinien-reklamowac-prywatna-firme","status":"publish","type":"post","link":"https:\/\/pzsmig.pl\/index.php\/2024\/04\/16\/czy-funkcjonariusz-publiczny-powinien-reklamowac-prywatna-firme\/","title":{"rendered":"Czy funkcjonariusz publiczny powinien reklamowa\u0107 prywatn\u0105 firm\u0119?"},"content":{"rendered":"<p>Kilka dni temu zada\u0142em pytanie \u201eCzy udzia\u0142 reprezentanta Stra\u017cy Miejskiej w reklamie, konkretnej marki rower\u00f3w, jest dzia\u0142aniem etycznym?\u201d<\/p>\n<p>Czas udzieli\u0107 odpowiedzi.<\/p>\n<p>To, co przeczytacie poni\u017cej, jest moj\u0105 prywatn\u0105 opini\u0105. Macie \u015bwi\u0119te prawo, przyj\u0105\u0107 j\u0105 do wiadomo\u015bci, b\u0105d\u017a nie, zgodzi\u0107 si\u0119 z ni\u0105, b\u0105d\u017a nie. To b\u0119dzie wy\u0142\u0105cznie wasza decyzja. Ja przedstawiam, podkre\u015blam wy\u0142\u0105cznie w\u0142asn\u0105 opini\u0119.<\/p>\n<p>Na pocz\u0105tku by\u0142a reklama. Reklama rower\u00f3w.<\/p>\n<p>Mo\u017cecie j\u0105 zobaczy\u0107 tu\u00a0<a href=\"https:\/\/www.facebook.com\/share\/v\/oQpQKQSgEvcLpcGb\/\">https:\/\/www.facebook.com\/share\/v\/oQpQKQSgEvcLpcGb\/<\/a><\/p>\n<p>Jak widzicie, Komendant Stra\u017cy Miejskiej w Pruszkowie, wyst\u0119puje w filmiku reklamuj\u0105cym konkretn\u0105 mark\u0119 rower\u00f3w elektrycznych Jobobike.<\/p>\n<p>Filmik jest kr\u00f3ciutki, ma zaledwie 56 sekund.<\/p>\n<p>Niestety \u2013 budzi w\u0105tpliwo\u015bci.<\/p>\n<p>W\u0105tpliwo\u015bci, kt\u00f3re mog\u0105 postawi\u0107 pod znakiem zapytania sens udzia\u0142u w nim funkcjonariusza publicznego.<\/p>\n<p>Stra\u017c Miejska w Pruszkowie u\u017cywa elektrycznych rower\u00f3w Jobobike. Ma te\u017c wykupiony serwis tych\u017ce rower\u00f3w. O tym dowiadujemy si\u0119 z relacji. Dowiadujemy si\u0119, jakie s\u0105 zalety rower\u00f3w (w sumie ka\u017cdych, nie tylko reklamowanej marki).<\/p>\n<p>Nie wiemy, czy testowano rowery innych marek, a je\u017celi tak to, jak one wypad\u0142y, bo przecie\u017c jaki\u015b pow\u00f3d wyboru tej, a nie innej marki musia\u0142 by\u0107.<\/p>\n<p>Takie dzia\u0142anie daje szanse z\u0142ym ludziom. Szanse na kwestionowanie uczciwo\u015bci tego rozwi\u0105zania. A\u017c strach my\u015ble\u0107\u2026 bo jak \u0142atwo mog\u0105 pojawi\u0107 si\u0119 oskar\u017cenia o dowoln\u0105 form\u0119 korupcji.<\/p>\n<p>A przecie\u017c funkcjonariusz publiczny powinien wystrzega\u0107 si\u0119 korupcji w ka\u017cdej postaci oraz zwalcza\u0107 wszelkie jej przejawy.<\/p>\n<p>To jest s\u0142abe, to mo\u017ce by\u0107 ocenione jako nieetyczne.<\/p>\n<p>Chcia\u0142bym postawi\u0107 wyra\u017an\u0105 granic\u0119, pomi\u0119dzy informacj\u0105 o tym, \u017ce stra\u017c miejska u\u017cywa sprz\u0119tu konkretnej marki, a tym, \u017ce zakupu dokonano w tej a nie innej firmie, kt\u00f3ra w dodatku robi z tego content reklamowy.<\/p>\n<p>Kiedy taka granica istnieje, przekaz jest bez zastrze\u017ce\u0144.<\/p>\n<p><u>Nie w\u0105tpi\u0119 w uczciwo\u015b\u0107 i rzetelno\u015b\u0107 Pana Komendanta. Nie w\u0105tpi\u0119, bo nie mam ku\u00a0 temu podstaw. <\/u>Ale \u2026 ten filmik pozostawia niesmak.<\/p>\n<p>Przedstawiciel instytucji publicznej reklamuje prywatny biznes.<\/p>\n<p>Po co dawa\u0107 okazj\u0119 do dzia\u0142ania z\u0142ym ludziom.<\/p>\n<p>&nbsp;<\/p>\n<p>P.I.<\/p>\n","protected":false},"excerpt":{"rendered":"<p>Kilka dni temu zada\u0142em pytanie \u201eCzy udzia\u0142 reprezentanta Stra\u017cy Miejskiej w reklamie, konkretnej marki rower\u00f3w, jest dzia\u0142aniem etycznym?\u201d Czas udzieli\u0107&hellip;<\/p>\n","protected":false},"author":2,"featured_media":646,"comment_status":"closed","ping_status":"closed","sticky":false,"template":"","format":"standard","meta":{"footnotes":""},"categories":[2,56,82],"tags":[],"class_list":["post-644","post","type-post","status-publish","format-standard","has-post-thumbnail","hentry","category-aktualnosci","category-opinie","category-opinie-2"],"_links":{"self":[{"href":"https:\/\/pzsmig.pl\/index.php\/wp-json\/wp\/v2\/posts\/644","targetHints":{"allow":["GET"]}}],"collection":[{"href":"https:\/\/pzsmig.pl\/index.php\/wp-json\/wp\/v2\/posts"}],"about":[{"href":"https:\/\/pzsmig.pl\/index.php\/wp-json\/wp\/v2\/types\/post"}],"author":[{"embeddable":true,"href":"https:\/\/pzsmig.pl\/index.php\/wp-json\/wp\/v2\/users\/2"}],"replies":[{"embeddable":true,"href":"https:\/\/pzsmig.pl\/index.php\/wp-json\/wp\/v2\/comments?post=644"}],"version-history":[{"count":1,"href":"https:\/\/pzsmig.pl\/index.php\/wp-json\/wp\/v2\/posts\/644\/revisions"}],"predecessor-version":[{"id":645,"href":"https:\/\/pzsmig.pl\/index.php\/wp-json\/wp\/v2\/posts\/644\/revisions\/645"}],"wp:featuredmedia":[{"embeddable":true,"href":"https:\/\/pzsmig.pl\/index.php\/wp-json\/wp\/v2\/media\/646"}],"wp:attachment":[{"href":"https:\/\/pzsmig.pl\/index.php\/wp-json\/wp\/v2\/media?parent=644"}],"wp:term":[{"taxonomy":"category","embeddable":true,"href":"https:\/\/pzsmig.pl\/index.php\/wp-json\/wp\/v2\/categories?post=644"},{"taxonomy":"post_tag","embeddable":true,"href":"https:\/\/pzsmig.pl\/index.php\/wp-json\/wp\/v2\/tags?post=644"}],"curies":[{"name":"wp","href":"https:\/\/api.w.org\/{rel}","templated":true}]}}