{"id":648,"date":"2024-04-26T12:32:35","date_gmt":"2024-04-26T10:32:35","guid":{"rendered":"https:\/\/pzsmig.pl\/?p=648"},"modified":"2024-04-26T12:37:35","modified_gmt":"2024-04-26T10:37:35","slug":"czy-straznik-miejski-powinien-umiec-pisac-pierwszy","status":"publish","type":"post","link":"https:\/\/pzsmig.pl\/index.php\/2024\/04\/26\/czy-straznik-miejski-powinien-umiec-pisac-pierwszy\/","title":{"rendered":"Czy stra\u017cnik miejski powinien umie\u0107 pisa\u0107? pierwszy&#8230;"},"content":{"rendered":"<p><strong>G\u0142upie pytanie, ale tylko potencjalnie, bo je\u017celi odr\u00f3\u017cnimy\u00a0 umiej\u0119tno\u015b\u0107 sk\u0142adania liter w wyrazy i zdania, od umiej\u0119tno\u015bci pisania tak by ludzie mogli zrozumie\u0107, to co zosta\u0142o napisane, to zaczyna si\u0119 robi\u0107 ciekawie.<\/strong><\/p>\n<p>Jeszcze ciekawiej si\u0119 robi, kiedy problemy z pisaniem w spos\u00f3b komunikatywny ma osoba zajmuj\u0105ca si\u0119 \u2026 hm\u2026 komunikacj\u0105 spo\u0142eczn\u0105.<\/p>\n<p>Czy mamy by\u0107 profesjonalni w tym, co robimy? Czy tego oczekuj\u0105 od nas ludzie? No w\u0142a\u015bnie, a mo\u017ce ja si\u0119 czepiam, bo to wszystko nie ma znaczenia?<\/p>\n<p>Zanim przejd\u0119 do tego czas na kilka szczeg\u00f3lnie urodziwych przypadk\u00f3w pisania \u201ebez \u0142adu i sk\u0142adu\u201d.<\/p>\n<p>Zamieszczone poni\u017cej przyk\u0142ady nie s\u0105 umieszczone w porz\u0105dku chronologicznym. W du\u017cym mie\u015bcie dosz\u0142o do interwencji stra\u017cnik\u00f3w miejskich wobec nietrze\u017awego m\u0119\u017cczyzny. Interwencja jak interwencja, czas na opis, ostrzegam, wyj\u0105tkowo \u201esmakowity\u201d, cyt.: M\u0119\u017cczyzna nie reagowa\u0142a na \u017cadne polecenie wydawane przez stra\u017cnik\u00f3w,\u00a0 jednego oplu\u0142 a nast\u0119pnie odepchn\u0105 jego twarz r\u0119k\u0105, czym naruszy\u0142 nietykalno\u015b\u0107 cielesn\u0105 funkcjonariusza podczas i w zwi\u0105zku z pe\u0142nieniem przez niego obowi\u0105zk\u00f3w s\u0142u\u017cbowych\u201d.<\/p>\n<p>Tak, to jest jedno zdanie.<\/p>\n<p><img fetchpriority=\"high\" decoding=\"async\" class=\"wp-image-652 aligncenter\" src=\"http:\/\/pzsmig.pl\/wp-content\/uploads\/2024\/04\/Screenshot-2024-04-23-at-14-06-38--300x65.png\" alt=\"\" width=\"549\" height=\"119\" srcset=\"https:\/\/pzsmig.pl\/wp-content\/uploads\/2024\/04\/Screenshot-2024-04-23-at-14-06-38--300x65.png 300w, https:\/\/pzsmig.pl\/wp-content\/uploads\/2024\/04\/Screenshot-2024-04-23-at-14-06-38-.png 769w\" sizes=\"(max-width: 549px) 100vw, 549px\" \/><\/p>\n<p>&nbsp;<\/p>\n<p>Tak, nie mylicie si\u0119, \u201e<u>M\u0119\u017cczyzna nie reagowa\u0142a<\/u>(\u2026)\u201d, \u201enast\u0119pnie <u>odepchn\u0105<\/u> jego twarz r\u0119k\u0105(\u2026)\u201d tekst \u201ewisi\u201d na stronie dwa tygodnie.<\/p>\n<p>I jeszcze jeden cytat:<\/p>\n<p>Tu ju\u017c mog\u0105 by\u0107 potrzebne dodatkowe wskaz\u00f3wki.<\/p>\n<p>&nbsp;<\/p>\n<p><img decoding=\"async\" class=\" wp-image-650 aligncenter\" src=\"http:\/\/pzsmig.pl\/wp-content\/uploads\/2024\/04\/Screenshot-2024-04-23-at-14-12-51-1-300x52.jpg\" alt=\"\" width=\"663\" height=\"115\" srcset=\"https:\/\/pzsmig.pl\/wp-content\/uploads\/2024\/04\/Screenshot-2024-04-23-at-14-12-51-1-300x52.jpg 300w, https:\/\/pzsmig.pl\/wp-content\/uploads\/2024\/04\/Screenshot-2024-04-23-at-14-12-51-1.jpg 765w\" sizes=\"(max-width: 663px) 100vw, 663px\" \/><\/p>\n<p>Po pierwsze \u201e<u>10 miesi\u0119cy<\/u> ograniczenia wolno\u015bci <u>polegaj\u0105cych na wykonywaniu<\/u> <u>nieodp\u0142atnie prac spo\u0142ecznych<\/u>\u201d. Pozwoli\u0142em sobie podkre\u015bli\u0107 to, co istotne. Przyznam do\u015b\u0107 upiorna logika. Czas, kt\u00f3ry polega na wykonywaniu okre\u015blonej czynno\u015bci. Hmm. Powt\u00f3rz\u0119, upiorna logika.<\/p>\n<p>A przecie\u017c wystarczy\u0142o poprawnie napisa\u0107 jedno s\u0142owo.<\/p>\n<p>\u201e<u>10 miesi\u0119cy<\/u>\u00a0 (kary) ograniczenia wolno\u015bci <u>polegaj\u0105cej na wykonywaniu<\/u> <u>nieodp\u0142atnie prac spo\u0142ecznych<\/u>\u201d.<\/p>\n<p>Poniewa\u017c to nie czas (10 miesi\u0119cy), polega na wykonywaniu nieodp\u0142atnie pracy, tylko KARA polega na ograniczeniu wolno\u015bci poprzez nieodp\u0142atne wykonywanie pracy.<\/p>\n<p>Logicznie? Kr\u00f3tko, na temat.<\/p>\n<p>No ale, przecie\u017c \u201em\u0119\u017cczyzna nie reagowa\u0142a\u201d. Miedzy innymi dlatego pozwoli\u0142em sobie nie komentowa\u0107 kolejnego arcydzie\u0142a, cyt. &#8222;Dodatkowo na\u0142o\u017cono obowi\u0105zek zado\u015b\u0107uczynienia za doznanie krzywdy przez funkcjonariuszy zap\u0142aty na rzecz poszkodowanych kwoty po 1000 z\u0142&#8221;<\/p>\n<p>Jeszcze jeden cytat, tak na podniesienie poziomu adrenaliny.<\/p>\n<p><img decoding=\"async\" class=\"wp-image-651 aligncenter\" src=\"http:\/\/pzsmig.pl\/wp-content\/uploads\/2024\/04\/Screenshot-2024-04-23-at-14-34-02--300x30.png\" alt=\"\" width=\"630\" height=\"63\" srcset=\"https:\/\/pzsmig.pl\/wp-content\/uploads\/2024\/04\/Screenshot-2024-04-23-at-14-34-02--300x30.png 300w, https:\/\/pzsmig.pl\/wp-content\/uploads\/2024\/04\/Screenshot-2024-04-23-at-14-34-02-.png 766w\" sizes=\"(max-width: 630px) 100vw, 630px\" \/><\/p>\n<p>jednak, \u017ceby nie by\u0142o tak ponuro, dla przeciwwagi, cytat z zupe\u0142nie innej witryny, innej Stra\u017cy Miejskiej.<\/p>\n<p><img loading=\"lazy\" decoding=\"async\" class=\" wp-image-666 aligncenter\" src=\"http:\/\/pzsmig.pl\/wp-content\/uploads\/2024\/04\/dobry-przyklad_2-300x117.png\" alt=\"\" width=\"533\" height=\"208\" srcset=\"https:\/\/pzsmig.pl\/wp-content\/uploads\/2024\/04\/dobry-przyklad_2-300x117.png 300w, https:\/\/pzsmig.pl\/wp-content\/uploads\/2024\/04\/dobry-przyklad_2.png 674w\" sizes=\"(max-width: 533px) 100vw, 533px\" \/><\/p>\n<p>&nbsp;<\/p>\n<p>Widzicie r\u00f3\u017cnic\u0119? Tak? To znakomicie, bo rozumiecie o co mi chodzi.<\/p>\n<p>Nie widzicie? Wyja\u015bni\u0119 Wam m\u00f3j punkt widzenia w nast\u0119pnym tek\u015bcie.<\/p>\n<p>&nbsp;<\/p>\n<p>P.I.<\/p>\n<p>&nbsp;<\/p>\n<p>P.S.<\/p>\n<p>Stare przys\u0142owie m\u00f3wi, \u017ce nie robi b\u0142\u0119d\u00f3w, tylko ten, co nic nie robi.<\/p>\n<p>Problem w tym, by zauwa\u017ca\u0107 te b\u0142\u0119dy i usuwa\u0107 je tak szybko, jak to mo\u017cliwe.<\/p>\n<p>A przy okazji, uczy\u0107 si\u0119, uczy\u0107 si\u0119, r\u00f3wnie\u017c na b\u0142\u0119dach.<\/p>\n","protected":false},"excerpt":{"rendered":"<p>G\u0142upie pytanie, ale tylko potencjalnie, bo je\u017celi odr\u00f3\u017cnimy\u00a0 umiej\u0119tno\u015b\u0107 sk\u0142adania liter w wyrazy i zdania, od umiej\u0119tno\u015bci pisania tak by&hellip;<\/p>\n","protected":false},"author":2,"featured_media":662,"comment_status":"closed","ping_status":"closed","sticky":false,"template":"","format":"standard","meta":{"footnotes":""},"categories":[2,56],"tags":[88,61,37],"class_list":["post-648","post","type-post","status-publish","format-standard","has-post-thumbnail","hentry","category-aktualnosci","category-opinie","tag-media-relations","tag-opinia","tag-straz-miejska"],"_links":{"self":[{"href":"https:\/\/pzsmig.pl\/index.php\/wp-json\/wp\/v2\/posts\/648","targetHints":{"allow":["GET"]}}],"collection":[{"href":"https:\/\/pzsmig.pl\/index.php\/wp-json\/wp\/v2\/posts"}],"about":[{"href":"https:\/\/pzsmig.pl\/index.php\/wp-json\/wp\/v2\/types\/post"}],"author":[{"embeddable":true,"href":"https:\/\/pzsmig.pl\/index.php\/wp-json\/wp\/v2\/users\/2"}],"replies":[{"embeddable":true,"href":"https:\/\/pzsmig.pl\/index.php\/wp-json\/wp\/v2\/comments?post=648"}],"version-history":[{"count":10,"href":"https:\/\/pzsmig.pl\/index.php\/wp-json\/wp\/v2\/posts\/648\/revisions"}],"predecessor-version":[{"id":670,"href":"https:\/\/pzsmig.pl\/index.php\/wp-json\/wp\/v2\/posts\/648\/revisions\/670"}],"wp:featuredmedia":[{"embeddable":true,"href":"https:\/\/pzsmig.pl\/index.php\/wp-json\/wp\/v2\/media\/662"}],"wp:attachment":[{"href":"https:\/\/pzsmig.pl\/index.php\/wp-json\/wp\/v2\/media?parent=648"}],"wp:term":[{"taxonomy":"category","embeddable":true,"href":"https:\/\/pzsmig.pl\/index.php\/wp-json\/wp\/v2\/categories?post=648"},{"taxonomy":"post_tag","embeddable":true,"href":"https:\/\/pzsmig.pl\/index.php\/wp-json\/wp\/v2\/tags?post=648"}],"curies":[{"name":"wp","href":"https:\/\/api.w.org\/{rel}","templated":true}]}}