{"id":694,"date":"2024-05-30T17:48:26","date_gmt":"2024-05-30T15:48:26","guid":{"rendered":"https:\/\/pzsmig.pl\/?p=694"},"modified":"2024-05-30T18:14:49","modified_gmt":"2024-05-30T16:14:49","slug":"jestem-dumny-ze","status":"publish","type":"post","link":"https:\/\/pzsmig.pl\/index.php\/2024\/05\/30\/jestem-dumny-ze\/","title":{"rendered":"Jestem dumny, \u017ce&#8230;"},"content":{"rendered":"<p align=\"left\"><span style=\"font-family: Calibri, sans-serif;\"><span style=\"font-size: medium;\"><span style=\"color: #212529;\">Niedawno, dzi\u0119ki znajomemu dotar\u0142 do mnie fragment wypowiedzi stra\u017cnika miejskiego na temat \u201eincydentu\u201d opisanego szczeg\u00f3\u0142owo w internecie. <\/span><\/span><\/span><\/p>\n<p align=\"left\"><span style=\"font-family: Calibri, sans-serif;\"><span style=\"font-size: medium;\"><span style=\"color: #212529;\">Festyn, stra\u017cnicy miejscy maluj\u0105cy twarze i euro pos\u0142anka, kt\u00f3ra poprosi\u0142a o namalowanie, na jej twarzy, znanego powszechnie logotypu pewnej partii politycznej. Stra\u017cniczka namalowa\u0142a, kto\u015b zrobi\u0142 zdj\u0119cie i zrobi\u0142a si\u0119 aferka, bo kto\u015b inny postanowi\u0142, \u017ce \u201ezadymi\u201d. Jak postanowi\u0142, tak zrobi\u0142 a p\u00f3\u017aniej ju\u017c standardowo &#8230; <\/span><\/span><\/span><\/p>\n<p align=\"left\"><span style=\"font-family: Calibri, sans-serif;\"><span style=\"font-size: medium;\"><span style=\"color: #212529;\">Sprawa, jak sprawa, kto\u015b co\u015b zrobi\u0142, kto\u015b \u201emusi\u201d by\u0107 winny\u2026 Kto\u015b jeszcze inny szuka atencji.<\/span><\/span><\/span><\/p>\n<p align=\"left\"><span style=\"font-family: Calibri, sans-serif;\"><span style=\"font-size: medium;\"><span style=\"color: #212529;\">I tu le\u017cy pies pogrzebany.<\/span><\/span><\/span><\/p>\n<p align=\"left\"><span style=\"color: #212529;\">\u201e<span style=\"font-family: Calibri, sans-serif;\"><span style=\"font-size: medium;\">(\u2026) Czy my powinni\u015bmy komukolwiek malowa\u0107 twarze? Nawet gdy jest to za zgod\u0105 osoby malowanej, nawet gdy jest to na festynie, nawet gdy rozpaczliwie musimy walczy\u0107 o \u201epijar\u201d, to czy powa\u017cnym jest aby umundurowany stra\u017cnik malowa\u0142 twarze?(&#8230;)\u201d<\/span><\/span><\/span><\/p>\n<p align=\"left\"><span style=\"font-family: Calibri, sans-serif;\"><span style=\"font-size: medium;\"><span style=\"color: #212529;\">Nie jestem do ko\u0144ca pewny, od czego powinienem zacz\u0105\u0107? <\/span><\/span><\/span><\/p>\n<p align=\"left\"><span style=\"color: #212529;\"> <span style=\"font-family: Calibri, sans-serif;\"><span style=\"font-size: medium;\">Rozpaczliwie musimy walczy\u0107 o \u201epijar\u201d? Autorowi tej wypowiedzi z pewno\u015bci\u0105 nie chodzi\u0142o o walk\u0119 o jakiego zakonnika (pijara), tylko o problem kszta\u0142towania spo\u0142ecznych kontakt\u00f3w (stosunk\u00f3w) Stra\u017cy Miejskiej X z otoczeniem zewn\u0119trznym. Takim \u2013 kt\u00f3re doprowadzi do powstania i utrzymania oczekiwanego wizerunku i akceptacje dzia\u0142a\u0144 stra\u017cnik\u00f3w w stosunku do osoby grupy os\u00f3b\u2026<\/span><\/span><\/span><\/p>\n<p align=\"left\"><span style=\"font-family: Calibri, sans-serif;\"><span style=\"font-size: medium;\"><span style=\"color: #212529;\">To temat rzeka.<\/span><\/span><\/span><\/p>\n<p align=\"left\"><span style=\"font-family: Calibri, sans-serif;\"><span style=\"font-size: medium;\"><span style=\"color: #212529;\">Jednym ze \u201estrumyczk\u00f3w\u201d, kt\u00f3re j\u0105 zasilaj\u0105, s\u0105 dzia\u0142ania profilaktyczne, w tym kontek\u015bcie, udzia\u0142 we wszelkiego rodzaju spotkaniach, imprezach, festynach itp. <\/span><\/span><\/span><\/p>\n<p align=\"left\"><span style=\"font-family: Calibri, sans-serif;\"><span style=\"font-size: medium;\"><span style=\"color: #212529;\">Tam intencjonalnie pokazujemy \u201eu\u015bmiechni\u0119t\u0105 twarz\u201d, robimy te\u017c rzeczy, kt\u00f3rych nie robimy na co dzie\u0144. Bo taka nakazuje specyfika imprezy, na kt\u00f3rej jeste\u015bmy. Czy pokazanie \u201eu\u015bmiechni\u0119tej twarzy\u201d jest niepowa\u017cne i stanowi ujm\u0119 dla munduru? <\/span><\/span><\/span><\/p>\n<p align=\"left\"><span style=\"font-family: Calibri, sans-serif;\"><span style=\"font-size: medium;\"><span style=\"color: #212529;\">Czy odej\u015bcie od kontekstu \u201epope\u0142ni\u0142 Pan(i) wykroczenie z artyku\u0142u \u2026\u201d jest niew\u0142a\u015bciwe?<\/span><\/span><\/span><\/p>\n<p align=\"left\"><span style=\"font-family: Calibri, sans-serif;\"><span style=\"font-size: medium;\"><u><span style=\"color: #212529;\">Nie b\u0119d\u0119 odpowiada\u0142 na te pytania. Nie b\u0119d\u0119, bo wa\u017cniejsze jest co innego.<\/span><\/u><\/span><\/span><\/p>\n<p align=\"left\"><span style=\"font-family: Calibri, sans-serif;\"><span style=\"font-size: medium;\"><b><span style=\"color: #212529;\">Chcia\u0142bym zwr\u00f3ci\u0107 si\u0119 do Was wszystkich, Kole\u017canek i Koleg\u00f3w w granatowych mundurach, kt\u00f3rzy w swoich jednostkach zajmuj\u0105 si\u0119 <u>Profilaktyk\u0105 i Komunikacj\u0105 Spo\u0142eczn\u0105<\/u>.<\/span><\/b><\/span><\/span><\/p>\n<p align=\"left\"><span style=\"font-family: Calibri, sans-serif;\"><span style=\"font-size: medium;\"><b><span style=\"color: #212529;\">Z dum\u0105 i honorem pragn\u0119 Wam publicznie podzi\u0119kowa\u0107 za wasz\u0105 ci\u0119\u017ck\u0105 prac\u0119 na rzecz wsp\u00f3lnoty lokalnej rozumianej zar\u00f3wno szeroko, jak i w\u0105sko. <\/span><\/b><\/span><\/span><\/p>\n<p align=\"left\"><span style=\"font-family: Calibri, sans-serif;\"><span style=\"font-size: medium;\"><b><span style=\"color: #212529;\">To dzi\u0119ki Wam \u201eb\u0142\u0105dz\u0105cy doro\u015bli\u201d b\u0119d\u0105 mieli mniejsz\u0105 szans\u0119 na wypowiedzi, w stylu \u201ejak nie b\u0119dziesz grzeczny, to ten pan w mundurze ci\u0119 zabierze\u201d<\/span><\/b><\/span><\/span><\/p>\n<p align=\"left\"><span style=\"font-family: Calibri, sans-serif;\"><span style=\"font-size: medium;\"><b><span style=\"color: #212529;\">To dzi\u0119ki Wam dzieci i nieco starsza m\u0142odzie\u017c ma szanse na poznanie w\u0142a\u015bciwych, bezpiecznych sposob\u00f3w zachowa\u0144.<\/span><\/b><\/span><\/span><\/p>\n<p align=\"left\"><span style=\"font-family: Calibri, sans-serif;\"><span style=\"font-size: medium;\"><b><span style=\"color: #212529;\">M\u00f3g\u0142bym tak \u2026 d\u0142ugo.<\/span><\/b><\/span><\/span><\/p>\n<p align=\"left\"><span style=\"font-family: Calibri, sans-serif;\"><span style=\"font-size: medium;\"><b><span style=\"color: #212529;\">Publicznie, z dum\u0105 i honorem dzi\u0119kuj\u0119 Wam, za to, \u017ce jeste\u015bcie.<\/span><\/b><\/span><\/span><\/p>\n<p align=\"left\"><span style=\"font-family: Calibri, sans-serif;\"><span style=\"font-size: medium;\"><b><span style=\"color: #212529;\">Cho\u0107 ja jestem tylko \u201ema\u0142ym inspektorkiem od propagandy\u201d to jestem dumny, \u017ce jestem jednym z Was.<\/span><\/b><\/span><\/span><\/p>\n<p align=\"left\">Piotr Ichniowski<\/p>\n<p align=\"left\">PS.<\/p>\n<p align=\"left\">To, jak wszystkie moje teksty\u00a0 w tym miejscu, moja prywatna opinia.<\/p>\n<p align=\"left\">zdj\u0119cie(tak jak poprzednie: AI by canva.com<\/p>\n","protected":false},"excerpt":{"rendered":"<p>Niedawno, dzi\u0119ki znajomemu dotar\u0142 do mnie fragment wypowiedzi stra\u017cnika miejskiego na temat \u201eincydentu\u201d opisanego szczeg\u00f3\u0142owo w internecie. Festyn, stra\u017cnicy miejscy&hellip;<\/p>\n","protected":false},"author":2,"featured_media":697,"comment_status":"closed","ping_status":"closed","sticky":false,"template":"","format":"standard","meta":{"footnotes":""},"categories":[2,56],"tags":[59,60,58,61,37,38],"class_list":["post-694","post","type-post","status-publish","format-standard","has-post-thumbnail","hentry","category-aktualnosci","category-opinie","tag-duma","tag-honor","tag-mundur","tag-opinia","tag-straz-miejska","tag-straznicy-miejscy"],"_links":{"self":[{"href":"https:\/\/pzsmig.pl\/index.php\/wp-json\/wp\/v2\/posts\/694","targetHints":{"allow":["GET"]}}],"collection":[{"href":"https:\/\/pzsmig.pl\/index.php\/wp-json\/wp\/v2\/posts"}],"about":[{"href":"https:\/\/pzsmig.pl\/index.php\/wp-json\/wp\/v2\/types\/post"}],"author":[{"embeddable":true,"href":"https:\/\/pzsmig.pl\/index.php\/wp-json\/wp\/v2\/users\/2"}],"replies":[{"embeddable":true,"href":"https:\/\/pzsmig.pl\/index.php\/wp-json\/wp\/v2\/comments?post=694"}],"version-history":[{"count":6,"href":"https:\/\/pzsmig.pl\/index.php\/wp-json\/wp\/v2\/posts\/694\/revisions"}],"predecessor-version":[{"id":701,"href":"https:\/\/pzsmig.pl\/index.php\/wp-json\/wp\/v2\/posts\/694\/revisions\/701"}],"wp:featuredmedia":[{"embeddable":true,"href":"https:\/\/pzsmig.pl\/index.php\/wp-json\/wp\/v2\/media\/697"}],"wp:attachment":[{"href":"https:\/\/pzsmig.pl\/index.php\/wp-json\/wp\/v2\/media?parent=694"}],"wp:term":[{"taxonomy":"category","embeddable":true,"href":"https:\/\/pzsmig.pl\/index.php\/wp-json\/wp\/v2\/categories?post=694"},{"taxonomy":"post_tag","embeddable":true,"href":"https:\/\/pzsmig.pl\/index.php\/wp-json\/wp\/v2\/tags?post=694"}],"curies":[{"name":"wp","href":"https:\/\/api.w.org\/{rel}","templated":true}]}}