{"id":719,"date":"2025-01-20T09:39:52","date_gmt":"2025-01-20T08:39:52","guid":{"rendered":"https:\/\/pzsmig.pl\/?p=719"},"modified":"2025-02-07T17:49:00","modified_gmt":"2025-02-07T16:49:00","slug":"sejmowa-komisja-samorzadu-terytorialnego-i-polityki-regionalnej-dzialamy-wspolnie","status":"publish","type":"post","link":"https:\/\/pzsmig.pl\/index.php\/2025\/01\/20\/sejmowa-komisja-samorzadu-terytorialnego-i-polityki-regionalnej-dzialamy-wspolnie\/","title":{"rendered":"Sejmowa Komisja Samorz\u0105du Terytorialnego i Polityki Regionalnej &#8211; dzia\u0142amy wsp\u00f3lnie"},"content":{"rendered":"<p>Na posiedzenie Sejmowej Komisji Samorz\u0105du Terytorialnego i Polityki Regionalnej zosta\u0142 zaproszony przedstawiciel Polskiego Zwi\u0105zku Stra\u017cy Miejskich i Gminnych. Reprezentowa\u0142 z naszej strony Stra\u017ce Miejskie i Gminne i bra\u0142 udzia\u0142 w dyskusji na tym forum Wiceprezes Zarz\u0105du Krajowego PZSMiG Adam Mandera.<\/p>\n<p>&#8222;Do zdobycia wcze\u015bniejszych uprawnie\u0144 emerytalnych czy emerytur pomostowych&#8221; &#8211;\u00a0 jak zauwa\u017cy\u0142 &#8211; &#8222;potrzebne s\u0105 dalsze konkretne dzia\u0142ania i przychylno\u015b\u0107 parlamentarzyst\u00f3w.&#8221;<\/p>\n<p>&nbsp;<\/p>\n<p><img fetchpriority=\"high\" decoding=\"async\" class=\"alignnone size-medium wp-image-721\" src=\"http:\/\/pzsmig.pl\/wp-content\/uploads\/2025\/01\/20241219_080530-225x300.jpg\" alt=\"\" width=\"225\" height=\"300\" srcset=\"https:\/\/pzsmig.pl\/wp-content\/uploads\/2025\/01\/20241219_080530-225x300.jpg 225w, https:\/\/pzsmig.pl\/wp-content\/uploads\/2025\/01\/20241219_080530-768x1024.jpg 768w, https:\/\/pzsmig.pl\/wp-content\/uploads\/2025\/01\/20241219_080530-1152x1536.jpg 1152w, https:\/\/pzsmig.pl\/wp-content\/uploads\/2025\/01\/20241219_080530-1536x2048.jpg 1536w, https:\/\/pzsmig.pl\/wp-content\/uploads\/2025\/01\/20241219_080530-scaled.jpg 1920w\" sizes=\"(max-width: 225px) 100vw, 225px\" \/><img decoding=\"async\" class=\"alignnone size-medium wp-image-720\" src=\"http:\/\/pzsmig.pl\/wp-content\/uploads\/2025\/01\/20241218_152123-225x300.jpg\" alt=\"\" width=\"225\" height=\"300\" srcset=\"https:\/\/pzsmig.pl\/wp-content\/uploads\/2025\/01\/20241218_152123-225x300.jpg 225w, https:\/\/pzsmig.pl\/wp-content\/uploads\/2025\/01\/20241218_152123-768x1024.jpg 768w, https:\/\/pzsmig.pl\/wp-content\/uploads\/2025\/01\/20241218_152123-1152x1536.jpg 1152w, https:\/\/pzsmig.pl\/wp-content\/uploads\/2025\/01\/20241218_152123-1536x2048.jpg 1536w, https:\/\/pzsmig.pl\/wp-content\/uploads\/2025\/01\/20241218_152123-scaled.jpg 1920w\" sizes=\"(max-width: 225px) 100vw, 225px\" \/><\/p>\n","protected":false},"excerpt":{"rendered":"<p>Na posiedzenie Sejmowej Komisji Samorz\u0105du Terytorialnego i Polityki Regionalnej zosta\u0142 zaproszony przedstawiciel Polskiego Zwi\u0105zku Stra\u017cy Miejskich i Gminnych. Reprezentowa\u0142 z&hellip;<\/p>\n","protected":false},"author":2,"featured_media":721,"comment_status":"closed","ping_status":"closed","sticky":false,"template":"","format":"standard","meta":{"footnotes":""},"categories":[24,1],"tags":[],"class_list":["post-719","post","type-post","status-publish","format-standard","has-post-thumbnail","hentry","category-dokumenty-stowarzyszenia","category-bez-kategorii"],"_links":{"self":[{"href":"https:\/\/pzsmig.pl\/index.php\/wp-json\/wp\/v2\/posts\/719","targetHints":{"allow":["GET"]}}],"collection":[{"href":"https:\/\/pzsmig.pl\/index.php\/wp-json\/wp\/v2\/posts"}],"about":[{"href":"https:\/\/pzsmig.pl\/index.php\/wp-json\/wp\/v2\/types\/post"}],"author":[{"embeddable":true,"href":"https:\/\/pzsmig.pl\/index.php\/wp-json\/wp\/v2\/users\/2"}],"replies":[{"embeddable":true,"href":"https:\/\/pzsmig.pl\/index.php\/wp-json\/wp\/v2\/comments?post=719"}],"version-history":[{"count":1,"href":"https:\/\/pzsmig.pl\/index.php\/wp-json\/wp\/v2\/posts\/719\/revisions"}],"predecessor-version":[{"id":722,"href":"https:\/\/pzsmig.pl\/index.php\/wp-json\/wp\/v2\/posts\/719\/revisions\/722"}],"wp:featuredmedia":[{"embeddable":true,"href":"https:\/\/pzsmig.pl\/index.php\/wp-json\/wp\/v2\/media\/721"}],"wp:attachment":[{"href":"https:\/\/pzsmig.pl\/index.php\/wp-json\/wp\/v2\/media?parent=719"}],"wp:term":[{"taxonomy":"category","embeddable":true,"href":"https:\/\/pzsmig.pl\/index.php\/wp-json\/wp\/v2\/categories?post=719"},{"taxonomy":"post_tag","embeddable":true,"href":"https:\/\/pzsmig.pl\/index.php\/wp-json\/wp\/v2\/tags?post=719"}],"curies":[{"name":"wp","href":"https:\/\/api.w.org\/{rel}","templated":true}]}}